{"id":22624,"date":"2019-09-10T16:46:06","date_gmt":"2019-09-10T14:46:06","guid":{"rendered":"http:\/\/euwps02.tecnavia.com\/ilmercoledi\/news\/?p=22624"},"modified":"2019-09-19T18:15:47","modified_gmt":"2019-09-19T16:15:47","slug":"cultura-riprendono-le-visite-a-palazzo-cisterna","status":"publish","type":"post","link":"https:\/\/www.ilmercoledi.news\/2019\/09\/10\/cultura-riprendono-le-visite-a-palazzo-cisterna\/","title":{"rendered":"CULTURA &#8211; Riprendono le visite a Palazzo Cisterna"},"content":{"rendered":"<p>Dopo la pausa estiva riprendono a\u00a0Palazzo Cisterna\u00a0le visite animate dai gruppi storici appartenenti all\u2019albo provinciale. Sabato 21 settembre alle ore 10,00\u00a0sar\u00e0 lo\u00a0Stato Maggiore Napoleonico Dipartimento della Dora\u00a0ad accogliere i visitatori e a condurli all\u2019interno del palazzo di via Maria Vittoria 12.<\/p>\n<p>E\u2019 la prima volta che il gruppo, composto da tre reparti (pifferi e tamburi; fanfara e ufficiali), partecipa attivamente all\u2019animazione delle visite del sabato della\u00a0sede aulica della Citt\u00e0 metropolitana, un\u2019occasione dunque per vivere un suggestivo salto nel passato nel centro di Torino.<\/p>\n<p>Le visite del sabato a Palazzo Dal Pozzo della Cisterna sono\u00a0gratuite con prenotazione\u00a0al numero\u00a0011-8612644,\u00a0dal luned\u00ec al venerd\u00ec dalle 9,30 alle 13, oppure al numero\u00a0011-8617100\u00a0il luned\u00ec e il gioved\u00ec dalle 9,30 alle 17, il marted\u00ec, il mercoled\u00ec e il venerd\u00ec dalle 9,30 alle 13.\u00a0Per prenotare la visita si pu\u00f2 anche inviare una mail all\u2019indirizzo\u00a0urp@cittametropolitana.torino.it.<\/p>\n","protected":false},"excerpt":{"rendered":"","protected":false},"author":11,"featured_media":1218,"comment_status":"open","ping_status":"closed","sticky":false,"template":"","format":"standard","meta":[],"categories":[9],"tags":[],"news-destination":[],"news-source":[],"is_homepage":[],"ta_other":[],"_links":{"self":[{"href":"https:\/\/www.ilmercoledi.news\/ilmercoledi\/news\/wp-json\/wp\/v2\/posts\/22624"}],"collection":[{"href":"https:\/\/www.ilmercoledi.news\/ilmercoledi\/news\/wp-json\/wp\/v2\/posts"}],"about":[{"href":"https:\/\/www.ilmercoledi.news\/ilmercoledi\/news\/wp-json\/wp\/v2\/types\/post"}],"author":[{"embeddable":true,"href":"https:\/\/www.ilmercoledi.news\/ilmercoledi\/news\/wp-json\/wp\/v2\/users\/11"}],"replies":[{"embeddable":true,"href":"https:\/\/www.ilmercoledi.news\/ilmercoledi\/news\/wp-json\/wp\/v2\/comments?post=22624"}],"version-history":[{"count":1,"href":"https:\/\/www.ilmercoledi.news\/ilmercoledi\/news\/wp-json\/wp\/v2\/posts\/22624\/revisions"}],"predecessor-version":[{"id":22625,"href":"https:\/\/www.ilmercoledi.news\/ilmercoledi\/news\/wp-json\/wp\/v2\/posts\/22624\/revisions\/22625"}],"wp:featuredmedia":[{"embeddable":true,"href":"https:\/\/www.ilmercoledi.news\/ilmercoledi\/news\/wp-json\/wp\/v2\/media\/1218"}],"wp:attachment":[{"href":"https:\/\/www.ilmercoledi.news\/ilmercoledi\/news\/wp-json\/wp\/v2\/media?parent=22624"}],"wp:term":[{"taxonomy":"category","embeddable":true,"href":"https:\/\/www.ilmercoledi.news\/ilmercoledi\/news\/wp-json\/wp\/v2\/categories?post=22624"},{"taxonomy":"post_tag","embeddable":true,"href":"https:\/\/www.ilmercoledi.news\/ilmercoledi\/news\/wp-json\/wp\/v2\/tags?post=22624"},{"taxonomy":"news-destination","embeddable":true,"href":"https:\/\/www.ilmercoledi.news\/ilmercoledi\/news\/wp-json\/wp\/v2\/news-destination?post=22624"},{"taxonomy":"news-source","embeddable":true,"href":"https:\/\/www.ilmercoledi.news\/ilmercoledi\/news\/wp-json\/wp\/v2\/news-source?post=22624"},{"taxonomy":"is_homepage","embeddable":true,"href":"https:\/\/www.ilmercoledi.news\/ilmercoledi\/news\/wp-json\/wp\/v2\/is_homepage?post=22624"},{"taxonomy":"ta_other","embeddable":true,"href":"https:\/\/www.ilmercoledi.news\/ilmercoledi\/news\/wp-json\/wp\/v2\/ta_other?post=22624"}],"curies":[{"name":"wp","href":"https:\/\/api.w.org\/{rel}","templated":true}]}}