{"id":22633,"date":"2019-09-11T07:53:07","date_gmt":"2019-09-11T05:53:07","guid":{"rendered":"http:\/\/euwps02.tecnavia.com\/ilmercoledi\/news\/?p=22633"},"modified":"2019-09-19T18:15:47","modified_gmt":"2019-09-19T16:15:47","slug":"nichelino-42-enne-tenta-di-togliersi-la-vita","status":"publish","type":"post","link":"https:\/\/www.ilmercoledi.news\/2019\/09\/11\/nichelino-42-enne-tenta-di-togliersi-la-vita\/","title":{"rendered":"NICHELINO &#8211; 42 enne tenta di togliersi la vita"},"content":{"rendered":"<p>E&#8217; ricoverato in prognosi riservata al Cto l&#8217;uomo di Nichelino di 42 anni che, a Torre Pellice, in via Parri, ha tentato di togliersi la vita dando fuoco alla propria autovettura. A dare l&#8217;allarme \u00e8 stata una donna di origini romene residente nelle vicinanze che si \u00e8 accorta dell&#8217;auto avvolta dalle fiamme ed \u00e8 corsa in strada per dare aiuto al 42enne. Ha riportato ustioni del secondo e terzo grado sul 45% del corpo. L&#8217;auto \u00e8 andata completamente distrutta. Sul posto sono intervenuti i vigili del fuoco che hanno domato il rogo. I carabinieri stanno cercando di capire le ragioni che hanno spinto il 42enne a tentare di togliersi la vita.<\/p>\n","protected":false},"excerpt":{"rendered":"","protected":false},"author":11,"featured_media":5220,"comment_status":"open","ping_status":"closed","sticky":false,"template":"","format":"standard","meta":[],"categories":[34],"tags":[],"news-destination":[],"news-source":[],"is_homepage":[],"ta_other":[],"_links":{"self":[{"href":"https:\/\/www.ilmercoledi.news\/ilmercoledi\/news\/wp-json\/wp\/v2\/posts\/22633"}],"collection":[{"href":"https:\/\/www.ilmercoledi.news\/ilmercoledi\/news\/wp-json\/wp\/v2\/posts"}],"about":[{"href":"https:\/\/www.ilmercoledi.news\/ilmercoledi\/news\/wp-json\/wp\/v2\/types\/post"}],"author":[{"embeddable":true,"href":"https:\/\/www.ilmercoledi.news\/ilmercoledi\/news\/wp-json\/wp\/v2\/users\/11"}],"replies":[{"embeddable":true,"href":"https:\/\/www.ilmercoledi.news\/ilmercoledi\/news\/wp-json\/wp\/v2\/comments?post=22633"}],"version-history":[{"count":1,"href":"https:\/\/www.ilmercoledi.news\/ilmercoledi\/news\/wp-json\/wp\/v2\/posts\/22633\/revisions"}],"predecessor-version":[{"id":22634,"href":"https:\/\/www.ilmercoledi.news\/ilmercoledi\/news\/wp-json\/wp\/v2\/posts\/22633\/revisions\/22634"}],"wp:featuredmedia":[{"embeddable":true,"href":"https:\/\/www.ilmercoledi.news\/ilmercoledi\/news\/wp-json\/wp\/v2\/media\/5220"}],"wp:attachment":[{"href":"https:\/\/www.ilmercoledi.news\/ilmercoledi\/news\/wp-json\/wp\/v2\/media?parent=22633"}],"wp:term":[{"taxonomy":"category","embeddable":true,"href":"https:\/\/www.ilmercoledi.news\/ilmercoledi\/news\/wp-json\/wp\/v2\/categories?post=22633"},{"taxonomy":"post_tag","embeddable":true,"href":"https:\/\/www.ilmercoledi.news\/ilmercoledi\/news\/wp-json\/wp\/v2\/tags?post=22633"},{"taxonomy":"news-destination","embeddable":true,"href":"https:\/\/www.ilmercoledi.news\/ilmercoledi\/news\/wp-json\/wp\/v2\/news-destination?post=22633"},{"taxonomy":"news-source","embeddable":true,"href":"https:\/\/www.ilmercoledi.news\/ilmercoledi\/news\/wp-json\/wp\/v2\/news-source?post=22633"},{"taxonomy":"is_homepage","embeddable":true,"href":"https:\/\/www.ilmercoledi.news\/ilmercoledi\/news\/wp-json\/wp\/v2\/is_homepage?post=22633"},{"taxonomy":"ta_other","embeddable":true,"href":"https:\/\/www.ilmercoledi.news\/ilmercoledi\/news\/wp-json\/wp\/v2\/ta_other?post=22633"}],"curies":[{"name":"wp","href":"https:\/\/api.w.org\/{rel}","templated":true}]}}