{"id":22681,"date":"2019-09-12T19:12:14","date_gmt":"2019-09-12T17:12:14","guid":{"rendered":"http:\/\/euwps02.tecnavia.com\/ilmercoledi\/news\/?p=22681"},"modified":"2019-09-12T19:12:16","modified_gmt":"2019-09-12T17:12:16","slug":"aeffe-sport-e-comunicazione-protagonista-della-47-garessio-san-bernardo","status":"publish","type":"post","link":"https:\/\/www.ilmercoledi.news\/2019\/09\/12\/aeffe-sport-e-comunicazione-protagonista-della-47-garessio-san-bernardo\/","title":{"rendered":"Aeffe Sport e Comunicazione protagonista della 47\u00b0 Garessio \u2013 San Bernardo"},"content":{"rendered":"<p>Alla 47\u00b0 edizione dello slalom Garessio \u2013 San Bernardo, tenutosi domenica 8 settembre, al via 82 piloti tra cui 10 i portacolori della scuderia torinese Aeffe Sport e Comunicazione. Una gara molto sentita, che si corre ogni anno per un tracciato di quattro chilometri che separano le due localit\u00e0, dove il maltempo ha fatto da padrone, ed ha influenzato non poco decisioni e risultati.<br \/>\nGAZZANO UNICA MANCHE, 4\u00b0 DI CLASSE. A causa del maltempo che ha portato pioggia e grandine sui tornanti dello slalom corsosi lo scorso week end nella provincia Granda, Claudio Gazzano su Fiat X 1\/9 ha limitato la sua performance ad un\u2019unica manche, che ha portato comunque un buon risultato finale. Il pilota della scuderia Aeffe Sport e Comunicazione ha chiuso 4\u00b0 di classe S5, 16\u00b0 di gruppo S5 e 40\u00b0 assoluto.<br \/>\nRUGGIERO SFRUTTA L\u2019OCCASIONE PER ACCUMULARE ESPERIENZA. Livio Ruggiero, si \u00e8 avvicinato da poco al mondo dello slalom e, a detta sua, ogni gara serve per fare esperienza e migliorare. Questa, in particolar modo, flagellata da grandine e pioggia, non ha permesso al giovane pilota di correre tutte le manches di gara, sacrificandone una a causa dell\u2019intensit\u00e0 delle precipitazioni. Ha comunque portato la sua Fiat 500 sul 1\u00b0 gradino del podio di classe E140, chiudendo questo slalom 3\u00b0 di gruppo E1IT e 46\u00b0 assoluto.<br \/>\nMOSCATELLI 1\u00b0 DI CLASSE NONOSTANTE IL MALTEMPO. Gianluca Moscatelli \u00e8 amareggiato per questa gara. La quinta su sei in cui il maltempo ha fatto da padrone. Il tracciato all\u2019inizio asciutto, ha permesso a molte auto di sfruttare al meglio le condizioni dell\u2019asfalto, peggiorate drasticamente a causa delle intense piogge che hanno segnato la corsa delle ultime vetture. Purtroppo questo cambio metereologico repentino non ha permesso al pilota su Gloria B5 di recuperare il tempo staccato dai concorrenti sull\u2019asciutto. Si consola cos\u00ec con il 1\u00b0 posto in classe SS 1.1, 1\u00b0 di gruppo E2 SS e 56\u00b0 assoluto.<br \/>\nGUASTO AL MOTORE PER D\u2019ACUNTO. Giuseppe D\u2019Acunto, con all\u2019attivo 33 gare con lo steso motore sulla sua Fiat 127 sport in classe S3, a causa di un guasto meccanico \u00e8 stato costretto al ritiro sulla prima manche di gara. Le sue parole: \u201cpeccato, ma purtroppo fa parte del gioco!\u201d.<br \/>\nPINTON SUL PRIMO GRADINO DEL PODIO DI CLASSE. Luca Pinton sulla sua Fiat Uno Turbo pu\u00f2 dirsi soddisfatto di questo slalom particolarmente insidioso. Sull\u2019unica manche poco bagnata, nonostante la penalit\u00e0 per aver preso un birillo, \u00e8 riuscito a staccare il primo tempo di classe S7, 12\u00b0 di gruppo S e 24\u00b0 assoluto.<br \/>\nMAJNERO 4\u00b0 DI CLASSE. Solo una manche asciutta per Claudio Majnero che sulla sua Fiat 500, visto il diluvio e la grandine che hanno colpito i tornanti cuneesi in quelle successive, ha deciso di non rischiare ed accontentarsi di un 4\u00b0 posto di classe S2, 17\u00b0 posto di gruppo S e un 43\u00b0 posto nella classifica assoluta. Il suo commento: \u201cpeccato, la macchina andava bene, ma non mi sono sentito di partire per le altre due speciali, visto il maltempo che imperversava\u201d. Lo rivedremo allo slalom di Chiavari a fine mese.<br \/>\nRUSSO RINGRAZIA LA SCUDERIA AEFFE. Salvatore Facciazza Russo, su un palco partenti di oltre 80 piloti, chiude questo slalom sul 2\u00b0 gradino del podio di classe N1400, 8\u00b0 di gruppo N e 58\u00b0 assoluto. Ha corso con la sua Peugeot 106 rally per due manches sotto la pioggia battente per finire in parco chiuso con la grandine. Le parole di Russo: \u201c una gara corsa in condizioni davvero difficili. Vorrei ringraziare in particolar modo i rappresentanti della scuderia Aeffe, presenti sul posto, che ci hanno supportato come sempre sul campo gara\u2026una vera eccellenza.\u201d<br \/>\nCASU GARA DA DIMENTICARE. Le prove sono andate bene per Alessandro Casu che sulla sua A 112 Kawasaky in classe SH 1.4 era nei primi assoluti. Purtroppo per\u00f2 il cronometro scatta sulla prima manche dove la pioggia battente ha penalizzato la sua corsa contro il tempo, facendolo scivolare verso il fondo della classifica assoluta. Ha deciso cos\u00ec di saltare la terza prova, ma nella quarta, ancora pioviggine e fondo scivoloso e la decisione di portare a casa la macchina senza danni, visto che anche le gomme da bagnato montate non erano le pi\u00f9 indicate. Sicuramente, se il meteo sar\u00e0 clemente, si rifar\u00e0 prossimamente sulla Chiavari. Per ora si dovr\u00e0 accontentare di un 2\u00b0 posto di gruppo E2S e un 59\u00b0 assoluto.<br \/>\nALESSANDRO MORGANTI VINCE LA CLASSE. Per Alessandro Morganti su Peugeot 106 rally la gara \u00e8 andata bene, vincendo la classe A 1400 e posizionandosi al 6\u00b0 posto di gruppo A e al 28\u00b0 assoluto. Il pilota aeffino \u00e8 stato uno dei pochi fortunati che ha corso il primo tratto cronometrato con fondo asciutto, potendo cos\u00ec staccare un buon tempo. Nelle manches successive, visto il diluvio, ha giocato di strategia, decidendo di non correre, consapevole di non poter migliorare ulteriormente, mantenendo cos\u00ec la leadership di classe.<br \/>\nESPOSITO NON RISCHIA SENZA GOMME DA BAGNATO. Per Daniel Esposito lo slalom di Garessio \u00e8 stato equiparabile a quello di Susa. \u00c8 partito nella manche di prova con un bel sole ed \u00e8 riuscito a prendere confidenza con il mezzo. Confidenza che avrebbe voluto sfruttare nei successivi tratti cronometrati, ma purtroppo, poco prima che partisse per gara, \u00e8 iniziato il maltempo che si \u00e8 trasformato in vero e proprio diluvio poco dopo. Non avendo gomme da bagnato il pilota ha cos\u00ec deciso, visti i rischi presi in pi\u00f9 punti, di non oltrepassare i limiti e sfidare oltremodo la sorte, tenendosi buono il tempo della prima manche: 3\u00b0 di gruppo E2S e 60\u00b0 assoluto.<\/p>\n","protected":false},"excerpt":{"rendered":"","protected":false},"author":10,"featured_media":22682,"comment_status":"open","ping_status":"closed","sticky":false,"template":"","format":"standard","meta":[],"categories":[10],"tags":[],"news-destination":[],"news-source":[],"is_homepage":[],"ta_other":[],"_links":{"self":[{"href":"https:\/\/www.ilmercoledi.news\/ilmercoledi\/news\/wp-json\/wp\/v2\/posts\/22681"}],"collection":[{"href":"https:\/\/www.ilmercoledi.news\/ilmercoledi\/news\/wp-json\/wp\/v2\/posts"}],"about":[{"href":"https:\/\/www.ilmercoledi.news\/ilmercoledi\/news\/wp-json\/wp\/v2\/types\/post"}],"author":[{"embeddable":true,"href":"https:\/\/www.ilmercoledi.news\/ilmercoledi\/news\/wp-json\/wp\/v2\/users\/10"}],"replies":[{"embeddable":true,"href":"https:\/\/www.ilmercoledi.news\/ilmercoledi\/news\/wp-json\/wp\/v2\/comments?post=22681"}],"version-history":[{"count":1,"href":"https:\/\/www.ilmercoledi.news\/ilmercoledi\/news\/wp-json\/wp\/v2\/posts\/22681\/revisions"}],"predecessor-version":[{"id":22683,"href":"https:\/\/www.ilmercoledi.news\/ilmercoledi\/news\/wp-json\/wp\/v2\/posts\/22681\/revisions\/22683"}],"wp:featuredmedia":[{"embeddable":true,"href":"https:\/\/www.ilmercoledi.news\/ilmercoledi\/news\/wp-json\/wp\/v2\/media\/22682"}],"wp:attachment":[{"href":"https:\/\/www.ilmercoledi.news\/ilmercoledi\/news\/wp-json\/wp\/v2\/media?parent=22681"}],"wp:term":[{"taxonomy":"category","embeddable":true,"href":"https:\/\/www.ilmercoledi.news\/ilmercoledi\/news\/wp-json\/wp\/v2\/categories?post=22681"},{"taxonomy":"post_tag","embeddable":true,"href":"https:\/\/www.ilmercoledi.news\/ilmercoledi\/news\/wp-json\/wp\/v2\/tags?post=22681"},{"taxonomy":"news-destination","embeddable":true,"href":"https:\/\/www.ilmercoledi.news\/ilmercoledi\/news\/wp-json\/wp\/v2\/news-destination?post=22681"},{"taxonomy":"news-source","embeddable":true,"href":"https:\/\/www.ilmercoledi.news\/ilmercoledi\/news\/wp-json\/wp\/v2\/news-source?post=22681"},{"taxonomy":"is_homepage","embeddable":true,"href":"https:\/\/www.ilmercoledi.news\/ilmercoledi\/news\/wp-json\/wp\/v2\/is_homepage?post=22681"},{"taxonomy":"ta_other","embeddable":true,"href":"https:\/\/www.ilmercoledi.news\/ilmercoledi\/news\/wp-json\/wp\/v2\/ta_other?post=22681"}],"curies":[{"name":"wp","href":"https:\/\/api.w.org\/{rel}","templated":true}]}}