{"id":22711,"date":"2019-09-14T09:50:15","date_gmt":"2019-09-14T07:50:15","guid":{"rendered":"http:\/\/euwps02.tecnavia.com\/ilmercoledi\/news\/?p=22711"},"modified":"2019-09-19T18:09:17","modified_gmt":"2019-09-19T16:09:17","slug":"nichelino-incontro-culturale-con-la-sardegna-storica","status":"publish","type":"post","link":"https:\/\/www.ilmercoledi.news\/2019\/09\/14\/nichelino-incontro-culturale-con-la-sardegna-storica\/","title":{"rendered":"NICHELINO &#8211; Incontro culturale con la Sardegna storica"},"content":{"rendered":"<p>Oggi, sabato 14 settembre al circolo Gennargentu di via San Matteo 11 di Nichelino, alle ore 11, ci sar\u00e0 l&#8217;accoglienza ufficiale del gruppo storico &#8211; medioevale sardo &#8220;Ghibellina&#8221; della citt\u00e0 di Iglesias, provincia di Carbonia &#8211; Iglesias, che sfiler\u00e0 nel corteo storico di San Matteo, domenica 15 alle ore 15.<\/p>\n<p>Il programma dell&#8217;incontro prevede, dopo un momento musicale a cura della banda civica musicale &#8220;Giacomo Puccini&#8221;, i seguenti interventi:<\/p>\n<p>Ore 11,00 &#8211; Saluto ai convenuti Salvatore Fois, presidente Circolo Gennargentu &#8211; Associazione di Promozione Sociale Culturale e Ricreativa di Nichelino Giampietro Tolardo, sindaco della Citt\u00e0 di Nichelino Mauro Usai, sindaco della Citt\u00e0 di Iglesias Filippo D\u2019Aveni, vice sindaco della Citt\u00e0 di Nichelino Michele Pansini, assessore alla Cultura del Comune di Nichelino Giorgia Ruggiero, assessora ai Grandi Eventi del Comune di Nichelino Maria Gabriella Ramello, assessora alla Cooperazione Internazionale &#8211; Gemellaggi &#8211; PaceSono stati invitati La presidente della FASI (Federazione Associazioni Sarde in Italia)Il coordinatore della FASI &#8211; Zona Nord\/OvestI circoli sardi d\u2019Italia. Le associazioni di volontariato cittadine Gli assessori della Giunta comunale di Nichelino e tutti i consiglieri. Il consigliere regionale nichelinese Diego Sarno.<\/p>\n<p>Il Corteo Storico Medioevale di Iglesias nasce nel 1995, un anno dopo che Tomaso Melis ebbe l\u2019idea di realizzarlo. Gli riusc\u00ec l\u2019anno successivo, con il Comitato Quartiere Castello del quale era presidente. Fin dal suo apparire ebbe un notevole successo. Oggi il corteo storico \u00e8 diventato il prodotto di un amore autentico che i cittadini di Iglesias, tutti volontari, esternano attraverso il costume medioevale, che per un giorno li identifica con i borghesi, i popolani i minatori, i balestrieri di Villa di Chiesa, antico possedimento del Conte Ugolino della Gherardesca. Certo \u00e8 che nessun altro evento cittadino raccoglie il numero di turisti e non, che vengono ad Iglesias, nel mese di agosto, per vedere il corteo sfilare nella &#8220;Settimana Medioevale&#8221;. Manifestazione organizzata dalla Societ\u00e0 dei Quartieri Medioevali di Villa Ecclesiae, in collaborazione con il Comune di Iglesias, e l\u2019apporto indispensabile delle undici associazioni cittadine che ispirano la propria attivit\u00e0 culturale al medioevo.<\/p>\n","protected":false},"excerpt":{"rendered":"","protected":false},"author":11,"featured_media":22713,"comment_status":"open","ping_status":"closed","sticky":false,"template":"","format":"standard","meta":[],"categories":[34],"tags":[],"news-destination":[],"news-source":[],"is_homepage":[],"ta_other":[],"_links":{"self":[{"href":"https:\/\/www.ilmercoledi.news\/ilmercoledi\/news\/wp-json\/wp\/v2\/posts\/22711"}],"collection":[{"href":"https:\/\/www.ilmercoledi.news\/ilmercoledi\/news\/wp-json\/wp\/v2\/posts"}],"about":[{"href":"https:\/\/www.ilmercoledi.news\/ilmercoledi\/news\/wp-json\/wp\/v2\/types\/post"}],"author":[{"embeddable":true,"href":"https:\/\/www.ilmercoledi.news\/ilmercoledi\/news\/wp-json\/wp\/v2\/users\/11"}],"replies":[{"embeddable":true,"href":"https:\/\/www.ilmercoledi.news\/ilmercoledi\/news\/wp-json\/wp\/v2\/comments?post=22711"}],"version-history":[{"count":1,"href":"https:\/\/www.ilmercoledi.news\/ilmercoledi\/news\/wp-json\/wp\/v2\/posts\/22711\/revisions"}],"predecessor-version":[{"id":22714,"href":"https:\/\/www.ilmercoledi.news\/ilmercoledi\/news\/wp-json\/wp\/v2\/posts\/22711\/revisions\/22714"}],"wp:featuredmedia":[{"embeddable":true,"href":"https:\/\/www.ilmercoledi.news\/ilmercoledi\/news\/wp-json\/wp\/v2\/media\/22713"}],"wp:attachment":[{"href":"https:\/\/www.ilmercoledi.news\/ilmercoledi\/news\/wp-json\/wp\/v2\/media?parent=22711"}],"wp:term":[{"taxonomy":"category","embeddable":true,"href":"https:\/\/www.ilmercoledi.news\/ilmercoledi\/news\/wp-json\/wp\/v2\/categories?post=22711"},{"taxonomy":"post_tag","embeddable":true,"href":"https:\/\/www.ilmercoledi.news\/ilmercoledi\/news\/wp-json\/wp\/v2\/tags?post=22711"},{"taxonomy":"news-destination","embeddable":true,"href":"https:\/\/www.ilmercoledi.news\/ilmercoledi\/news\/wp-json\/wp\/v2\/news-destination?post=22711"},{"taxonomy":"news-source","embeddable":true,"href":"https:\/\/www.ilmercoledi.news\/ilmercoledi\/news\/wp-json\/wp\/v2\/news-source?post=22711"},{"taxonomy":"is_homepage","embeddable":true,"href":"https:\/\/www.ilmercoledi.news\/ilmercoledi\/news\/wp-json\/wp\/v2\/is_homepage?post=22711"},{"taxonomy":"ta_other","embeddable":true,"href":"https:\/\/www.ilmercoledi.news\/ilmercoledi\/news\/wp-json\/wp\/v2\/ta_other?post=22711"}],"curies":[{"name":"wp","href":"https:\/\/api.w.org\/{rel}","templated":true}]}}