{"id":22925,"date":"2019-09-19T14:54:08","date_gmt":"2019-09-19T12:54:08","guid":{"rendered":"http:\/\/euwps02.tecnavia.com\/ilmercoledi\/news\/?p=22925"},"modified":"2019-09-19T14:54:10","modified_gmt":"2019-09-19T12:54:10","slug":"nichelino-il-servizio-prelievi-in-via-san-francesco-riprendono-a-fine-ottobre","status":"publish","type":"post","link":"https:\/\/www.ilmercoledi.news\/2019\/09\/19\/nichelino-il-servizio-prelievi-in-via-san-francesco-riprendono-a-fine-ottobre\/","title":{"rendered":"NICHELINO &#8211; Il servizio prelievi in via San Francesco riprendono a fine ottobre"},"content":{"rendered":"<p>Sono in atto i lavori per risolvere alcune criticit\u00e0 strutturali della sede di Via San Francesco di Nichelino. Attraverso questi lavori si cercher\u00e0 di dare soluzione ai problemi\u00a0 spesso segnalati dai cittadini per questa sede; i lavori prevedono: nuovi locali per\u00a0 i prelievi, un ampliamento del servizio per le tossicodipendenze e interventi nei locali per le vaccinazioni.<\/p>\n<p>Il primo lotto di lavori, quello relativo alla sede dei prelievi, richiede ancora alcune settimane per essere completato. Questa necessit\u00e0 fa purtroppo ritardare di alcune settimane il riavvio delle sedute di prelievi\u00a0 dopo la sospensione estiva. &#8220;L\u2019Asl\u00a0 &#8211; spiegano dall&#8217;azienda -, scusandosi\u00a0 per il disagio ricorda che \u00e8, comunque, sempre\u00a0 attiva la sede principale di Nichelino:\u00a0 la Casa della Salute in localit\u00e0 Debouch\u00e8, ove \u00e8 possibile rivolgersi per i prelievi di sangue tutte le mattine dei giorni feriali senza necessit\u00e0 di alcuna prenotazione.\u00a0I prelievi su prenotazione di Via San Francesco a Nichelino ripartiranno quindi nei nuovi locali\u00a0 entro la fine di ottobre&#8221;.<\/p>\n","protected":false},"excerpt":{"rendered":"","protected":false},"author":11,"featured_media":6150,"comment_status":"open","ping_status":"closed","sticky":false,"template":"","format":"standard","meta":[],"categories":[34],"tags":[],"news-destination":[],"news-source":[],"is_homepage":[],"ta_other":[],"_links":{"self":[{"href":"https:\/\/www.ilmercoledi.news\/ilmercoledi\/news\/wp-json\/wp\/v2\/posts\/22925"}],"collection":[{"href":"https:\/\/www.ilmercoledi.news\/ilmercoledi\/news\/wp-json\/wp\/v2\/posts"}],"about":[{"href":"https:\/\/www.ilmercoledi.news\/ilmercoledi\/news\/wp-json\/wp\/v2\/types\/post"}],"author":[{"embeddable":true,"href":"https:\/\/www.ilmercoledi.news\/ilmercoledi\/news\/wp-json\/wp\/v2\/users\/11"}],"replies":[{"embeddable":true,"href":"https:\/\/www.ilmercoledi.news\/ilmercoledi\/news\/wp-json\/wp\/v2\/comments?post=22925"}],"version-history":[{"count":1,"href":"https:\/\/www.ilmercoledi.news\/ilmercoledi\/news\/wp-json\/wp\/v2\/posts\/22925\/revisions"}],"predecessor-version":[{"id":22926,"href":"https:\/\/www.ilmercoledi.news\/ilmercoledi\/news\/wp-json\/wp\/v2\/posts\/22925\/revisions\/22926"}],"wp:featuredmedia":[{"embeddable":true,"href":"https:\/\/www.ilmercoledi.news\/ilmercoledi\/news\/wp-json\/wp\/v2\/media\/6150"}],"wp:attachment":[{"href":"https:\/\/www.ilmercoledi.news\/ilmercoledi\/news\/wp-json\/wp\/v2\/media?parent=22925"}],"wp:term":[{"taxonomy":"category","embeddable":true,"href":"https:\/\/www.ilmercoledi.news\/ilmercoledi\/news\/wp-json\/wp\/v2\/categories?post=22925"},{"taxonomy":"post_tag","embeddable":true,"href":"https:\/\/www.ilmercoledi.news\/ilmercoledi\/news\/wp-json\/wp\/v2\/tags?post=22925"},{"taxonomy":"news-destination","embeddable":true,"href":"https:\/\/www.ilmercoledi.news\/ilmercoledi\/news\/wp-json\/wp\/v2\/news-destination?post=22925"},{"taxonomy":"news-source","embeddable":true,"href":"https:\/\/www.ilmercoledi.news\/ilmercoledi\/news\/wp-json\/wp\/v2\/news-source?post=22925"},{"taxonomy":"is_homepage","embeddable":true,"href":"https:\/\/www.ilmercoledi.news\/ilmercoledi\/news\/wp-json\/wp\/v2\/is_homepage?post=22925"},{"taxonomy":"ta_other","embeddable":true,"href":"https:\/\/www.ilmercoledi.news\/ilmercoledi\/news\/wp-json\/wp\/v2\/ta_other?post=22925"}],"curies":[{"name":"wp","href":"https:\/\/api.w.org\/{rel}","templated":true}]}}