{"id":22936,"date":"2019-09-19T19:05:43","date_gmt":"2019-09-19T17:05:43","guid":{"rendered":"http:\/\/euwps02.tecnavia.com\/ilmercoledi\/news\/?p=22936"},"modified":"2019-09-19T19:05:45","modified_gmt":"2019-09-19T17:05:45","slug":"lelfo-bes-e-barbara-del-sordo-aprono-la-stagione-dellaperilibro-bambini-alla-cascina-vigna-e-venerdi-si-replica","status":"publish","type":"post","link":"https:\/\/www.ilmercoledi.news\/2019\/09\/19\/lelfo-bes-e-barbara-del-sordo-aprono-la-stagione-dellaperilibro-bambini-alla-cascina-vigna-e-venerdi-si-replica\/","title":{"rendered":"L\u2019Elfo Bes e Barbara Del Sordo aprono la stagione dell\u2019Aperilibro Bambini alla Cascina Vigna. E venerd\u00ec si replica"},"content":{"rendered":"<p>CARMAGNOLA &#8211; Cosa c\u2019\u00e8 di pi\u00f9 bello di una ricca merenda, un cortile in cui correre a volont\u00e0 sotto l\u2019ultimo sole estivo e una fatina (scrittrice) che ci racconta una bella favola? Probabilmente nulla. E lo hanno scoperto i 170 bambini delle scuole elementari di Carmagnola che marted\u00ec 17 settembre, lasciate le aule scolastiche, si sono ritrovati alla Cascina Vigna per una ricca merenda (curata da Claudia del Bar della Vigna), servita in un invitante sacchettino di carta con tanto di testo della canzone del coccodrillo stampato sopra, prima di sedersi sotto la tettoia e incontrare Barbara Del Sordo che ha interagito con i bambini parlando della sua ultima fatica letteraria \u201cDal Kenya a Parigi in due sogni\u201d che racconta le fantastiche avventure dell\u2019elfo Bes e dei suoi amici.<br \/>\n\u201cUn giorno ero seduta in macchina e aspettavo mio figlio pi\u00f9 piccolo\u201d racconta Barbara, madre di due ragazzi, il primo di vent\u2019anni e il secondo, autistico, di 18 anni. \u201cLa giornata era uggiosa, particolarmente buia ed io ero molto triste, sconfortata. Per vincere questa malinconia mi sono messa a fantasticare, come facevo da bambina, quando sui monti della Valle d\u2019Aosta mio nonno e un malgaro mi raccontavano mille storie. A volte discutevano fra loro ed io mi interessavo ai loro discorsi, quando parlavano di storie di persone e animali; se invece parlavano di cose serie e di politica mi richiudevo nel mio mondo, il Mondo di Dentro, e fantasticavo. Vivevo avventure meravigliose e incredibili che erano sogni a occhi aperti. Ed ero felice\u201d.<br \/>\nTradurre questa esperienza in un libro \u00e8 stato facile e spinta da Francesca Mogavero, la giovane editrice di Buendia Books, Barbara Del Sordo si \u00e8 messa al computer ed ha tradotto in pagine quelli che fino ad allora erano stati suoi sogni, affidandoli a un elfo (creatura magica e bellissima \u2013 come hanno subito sottolineato i bambini presenti) di nome Bes e ai suoi amici incontrati in questo lungo e avventuroso viaggio.<br \/>\n\u201cIl nome Bes mi \u00e8 venuto spontaneo, perch\u00e9 sta per Bei Sogni, e mette in evidenza il Mondo di Dentro, quel mondo di sentimenti che troppe volte nascondiamo dentro di noi, come felicit\u00e0 e tristezza, solitudine e compagnia\u201d ha raccontato Barbara, facendo scoprire ai bambini quali erano i sentimenti che li colpivano maggiormente.<br \/>\n\u201cIl Kenya e Parigi sono due luoghi che accendono la fantasia di molti, in particolare la mia. Il Kenya \u00e8 la terra che tutti immaginano con deserti e savane popolati di animali per noi esotici come giraffe ed elefanti, leoni e gazzelle, rinoceronti e ippopotami. Parigi \u00e8 una citt\u00e0 che ho nel cuore per la multietnicit\u00e0 della gente che vi risiede e per la vivacit\u00e0 delle sue strade e dei suoi quartieri. Una vacanza che mi ha particolarmente colpito e che ricordo con grande gioia\u201d.<br \/>\nTradurre i propri sogni in un libro pu\u00f2 essere una bella cosa, ma che effetto ha sui piccoli lettori chiamati ad assorbire pagine e pagine di parole. \u201c\u00c8 la domanda che ci siamo posti io e Francesca. Un quesito che abbiamo risolto proponendo il testo in lettura agli operatori di due associazioni che quotidianamente sono a contatto con i bambini, affinch\u00e9 ci dessero la loro approvazione e i loro consigli. Cos\u00ec abbiamo coinvolto il personale di \u2018Le Ali Spiegate\u2019 di San Germano Chisone che opera nel settore della disabilit\u00e0 e \u2018La Casa tra le Nuvole\u2019 di Buttigliera Alta, che organizza eventi ludici, creativi e sportivi per bambini, in particolare per quelli con speciali necessit\u00e0\u201d.<br \/>\nMa tutto ci\u00f2 non bastava. Era necessario anche dare un\u2019immagine a Bes e alle sue avventure, inframmezzando le pagine di testo con altre illustrate che rendessero esplicito e intuitivo il racconto che si stava evolvendo. \u00c8 per questo motivo Barbara Del Sordo e Francesca Mogavero hanno scovato una paio di bambine che, letto il racconto, sono state ben felici di illustrarlo con i loro disegni.<br \/>\nChe hanno affascinato gli alunni delle elementari carmagnolesi, che alzando diligentemente la mano hanno posto mille domande a Barbara Del Sordo sulle avventure di Bes, ma anche sulla sua attivit\u00e0 di scrittrice, per capire come nasce un\u2019idea, da dove arriva l\u2019ispirazione e come la si pu\u00f2 tradurre in un racconto. Un esperimento particolarmente riuscito sia per il numero di bambini presenti (oltre il doppio di quelli preventivati) sia per l\u2019interesse suscitato, grazie alla fattiva collaborazione delle maestre del corpo insegnante delle scuole elementari di Carmagnola, che lo hanno promosso nelle aule e si sono impegnate a gestirlo nel cortile della Vigna. Un esperimento che verr\u00e0 ripetuto con altri due autori gi\u00e0 selezionati a ottobre e novembre.<br \/>\nAl termine dell\u2019incontro c\u2019\u00e8 stato la tradizionale cerimonia del firmacopia da parte di Barbara Del Sordo con l\u2019elfo Bes che si aggirava per il cortile della Vigna, meditando su quale fantastico viaggio compiere nella sua prossima avventura in giro per il mondo.<br \/>\nChe potrebbe essere da Bollywood (India) a Hollywood (California)? Chiss\u00e0? Per scoprirlo bisogner\u00e0 attendere il prossimo sette gennaio, quando le avventure di Bes torneranno nelle librerie.<\/p>\n<p>Buendia Books \u00e8 una casa editrice indipendente non a pagamento. \u00c8 distribuita in tutta Italia, ma al momento ha scelto di lavorare solo con autori che abitano in Piemonte per seguirli da vicino in tutte le tappe del viaggio.<br \/>\nPubblica romanzi e racconti, e ciascuno riporta in aletta o in quarta tre simboli, tratti dall&#8217;enogastronomia locale, che ne tracciano un identikit dal punto di vista del formato (Barrique e Fiaschetta), del genere (Vermouth, Plin e Cri Cri, ovvero gialli-noir, narrativa e letteratura per bambini e ragazzi) e tempo dell&#8217;autore (Novelli per i contemporanei e Moscati per i vintage).<br \/>\nBarbara Del Sordo \u00e8 nata a Torino nel 1973. Mamma di due ragazzi, non ha mai smesso di amare la fantasia. L\u2019autismo del figlio minore ha sviluppato ulteriormente il suo modo di interagire con il mondo, con le persone e i loro sentimenti. Ama la flora e la fauna sotto tutti i loro aspetti, gli aromi, le essenze, i colori e il modo olistico di vivere la vita: insomma, \u00e8 una super sognatrice!<br \/>\nProssimo Aperilibro Ragazzi: Francesca Gerbi \u201c\u00c8 stato Baudelaire\u201d<br \/>\nIl maresciallo Antonio Rodda, burbero, single incallito, tanto abile nelle indagini quanto poco incline a elargire informazioni alla stampa, e Fulvia Grimaldi, giornalista caparbia e intraprendente, sono stati segnati da una comune tragedia: il brutale assassinio della quattordicenne Marina nel 1992, migliore amica di Fulvia e unica macchia nella carriera di Rodda. Una ferita mai rimarginata, un mistero irrisolto in un angolo apparentemente tranquillo della provincia Granda, un omicidio senza spiegazioni n\u00e9 colpevole. Un incubo che li perseguita ancora, oggi pi\u00f9 che mai: Baudelaire &#8211; questa la firma dell&#8217;assassino &#8211; \u00e8 tornato, con i suoi messaggi in versi e il suo carico di ricordi e segreti. Toccher\u00e0 ai due protagonisti tornare a quegli anni terribili, ricostruire vicende, volti e storie, spalancare porte sigillate e abissi oscuri e profondi. Perch\u00e9 nulla \u00e8 come sembra: l&#8217;aguzzino sa assumere forme insospettabili, e il male di vivere si annida in luoghi inattesi, tra amene colline, paesi senza tempo e animi quieti come acqua.<\/p>\n<p>Venerd\u00ec 20 settembre 2019, ore 21.00 \u2013 Biblioteca Civica \u2013 Sala Solvagione. Via Valobra 102, Carmagnola<\/p>\n","protected":false},"excerpt":{"rendered":"","protected":false},"author":10,"featured_media":22937,"comment_status":"open","ping_status":"closed","sticky":false,"template":"","format":"standard","meta":[],"categories":[34,9],"tags":[],"news-destination":[],"news-source":[],"is_homepage":[],"ta_other":[],"_links":{"self":[{"href":"https:\/\/www.ilmercoledi.news\/ilmercoledi\/news\/wp-json\/wp\/v2\/posts\/22936"}],"collection":[{"href":"https:\/\/www.ilmercoledi.news\/ilmercoledi\/news\/wp-json\/wp\/v2\/posts"}],"about":[{"href":"https:\/\/www.ilmercoledi.news\/ilmercoledi\/news\/wp-json\/wp\/v2\/types\/post"}],"author":[{"embeddable":true,"href":"https:\/\/www.ilmercoledi.news\/ilmercoledi\/news\/wp-json\/wp\/v2\/users\/10"}],"replies":[{"embeddable":true,"href":"https:\/\/www.ilmercoledi.news\/ilmercoledi\/news\/wp-json\/wp\/v2\/comments?post=22936"}],"version-history":[{"count":1,"href":"https:\/\/www.ilmercoledi.news\/ilmercoledi\/news\/wp-json\/wp\/v2\/posts\/22936\/revisions"}],"predecessor-version":[{"id":22938,"href":"https:\/\/www.ilmercoledi.news\/ilmercoledi\/news\/wp-json\/wp\/v2\/posts\/22936\/revisions\/22938"}],"wp:featuredmedia":[{"embeddable":true,"href":"https:\/\/www.ilmercoledi.news\/ilmercoledi\/news\/wp-json\/wp\/v2\/media\/22937"}],"wp:attachment":[{"href":"https:\/\/www.ilmercoledi.news\/ilmercoledi\/news\/wp-json\/wp\/v2\/media?parent=22936"}],"wp:term":[{"taxonomy":"category","embeddable":true,"href":"https:\/\/www.ilmercoledi.news\/ilmercoledi\/news\/wp-json\/wp\/v2\/categories?post=22936"},{"taxonomy":"post_tag","embeddable":true,"href":"https:\/\/www.ilmercoledi.news\/ilmercoledi\/news\/wp-json\/wp\/v2\/tags?post=22936"},{"taxonomy":"news-destination","embeddable":true,"href":"https:\/\/www.ilmercoledi.news\/ilmercoledi\/news\/wp-json\/wp\/v2\/news-destination?post=22936"},{"taxonomy":"news-source","embeddable":true,"href":"https:\/\/www.ilmercoledi.news\/ilmercoledi\/news\/wp-json\/wp\/v2\/news-source?post=22936"},{"taxonomy":"is_homepage","embeddable":true,"href":"https:\/\/www.ilmercoledi.news\/ilmercoledi\/news\/wp-json\/wp\/v2\/is_homepage?post=22936"},{"taxonomy":"ta_other","embeddable":true,"href":"https:\/\/www.ilmercoledi.news\/ilmercoledi\/news\/wp-json\/wp\/v2\/ta_other?post=22936"}],"curies":[{"name":"wp","href":"https:\/\/api.w.org\/{rel}","templated":true}]}}