{"id":23707,"date":"2019-10-14T15:34:03","date_gmt":"2019-10-14T13:34:03","guid":{"rendered":"http:\/\/euwps02.tecnavia.com\/ilmercoledi\/news\/?p=23707"},"modified":"2019-10-14T15:34:06","modified_gmt":"2019-10-14T13:34:06","slug":"nichelino-la-citta-prende-parte-a-puliamo-il-mondo","status":"publish","type":"post","link":"https:\/\/www.ilmercoledi.news\/2019\/10\/14\/nichelino-la-citta-prende-parte-a-puliamo-il-mondo\/","title":{"rendered":"NICHELINO &#8211; La citt\u00e0 prende parte a &#8220;Puliamo il mondo&#8221;"},"content":{"rendered":"<p>La Citt\u00e0 di Nichelino\u00a0aderisce, domenica 20 ottobre, alla manifestazione &#8220;Puliamo il mondo&#8221;. I volontari che decidono di partecipare, ripuliranno le aree verdi della citt\u00e0. I punti di incontro, dove ci si potr\u00e0 iscrivere gratuitamente, sono le 7 sedi dei comitati di quartiere (Bengasi, Kennedy, Oltrestazione, Castello, Boschetto, Juvarra e Sangone) e l&#8217;istituto scolastico Erasmo da Rotterdam (esclusivamente per gli studenti dell&#8217;istituto). Alle 11.45, presso la sede dell&#8217;Ads Onnisport, in via Berlinguer 40, ci sar\u00e0 un momento di festa con la consegna degli attestati di partecipazione e i saluti delle autorit\u00e0. Per info si pu\u00f2 chiamare l&#8217;Onnisport al 349\/8534824.<\/p>\n","protected":false},"excerpt":{"rendered":"","protected":false},"author":11,"featured_media":14758,"comment_status":"open","ping_status":"closed","sticky":false,"template":"","format":"standard","meta":[],"categories":[34],"tags":[],"news-destination":[],"news-source":[],"is_homepage":[],"ta_other":[],"_links":{"self":[{"href":"https:\/\/www.ilmercoledi.news\/ilmercoledi\/news\/wp-json\/wp\/v2\/posts\/23707"}],"collection":[{"href":"https:\/\/www.ilmercoledi.news\/ilmercoledi\/news\/wp-json\/wp\/v2\/posts"}],"about":[{"href":"https:\/\/www.ilmercoledi.news\/ilmercoledi\/news\/wp-json\/wp\/v2\/types\/post"}],"author":[{"embeddable":true,"href":"https:\/\/www.ilmercoledi.news\/ilmercoledi\/news\/wp-json\/wp\/v2\/users\/11"}],"replies":[{"embeddable":true,"href":"https:\/\/www.ilmercoledi.news\/ilmercoledi\/news\/wp-json\/wp\/v2\/comments?post=23707"}],"version-history":[{"count":1,"href":"https:\/\/www.ilmercoledi.news\/ilmercoledi\/news\/wp-json\/wp\/v2\/posts\/23707\/revisions"}],"predecessor-version":[{"id":23708,"href":"https:\/\/www.ilmercoledi.news\/ilmercoledi\/news\/wp-json\/wp\/v2\/posts\/23707\/revisions\/23708"}],"wp:featuredmedia":[{"embeddable":true,"href":"https:\/\/www.ilmercoledi.news\/ilmercoledi\/news\/wp-json\/wp\/v2\/media\/14758"}],"wp:attachment":[{"href":"https:\/\/www.ilmercoledi.news\/ilmercoledi\/news\/wp-json\/wp\/v2\/media?parent=23707"}],"wp:term":[{"taxonomy":"category","embeddable":true,"href":"https:\/\/www.ilmercoledi.news\/ilmercoledi\/news\/wp-json\/wp\/v2\/categories?post=23707"},{"taxonomy":"post_tag","embeddable":true,"href":"https:\/\/www.ilmercoledi.news\/ilmercoledi\/news\/wp-json\/wp\/v2\/tags?post=23707"},{"taxonomy":"news-destination","embeddable":true,"href":"https:\/\/www.ilmercoledi.news\/ilmercoledi\/news\/wp-json\/wp\/v2\/news-destination?post=23707"},{"taxonomy":"news-source","embeddable":true,"href":"https:\/\/www.ilmercoledi.news\/ilmercoledi\/news\/wp-json\/wp\/v2\/news-source?post=23707"},{"taxonomy":"is_homepage","embeddable":true,"href":"https:\/\/www.ilmercoledi.news\/ilmercoledi\/news\/wp-json\/wp\/v2\/is_homepage?post=23707"},{"taxonomy":"ta_other","embeddable":true,"href":"https:\/\/www.ilmercoledi.news\/ilmercoledi\/news\/wp-json\/wp\/v2\/ta_other?post=23707"}],"curies":[{"name":"wp","href":"https:\/\/api.w.org\/{rel}","templated":true}]}}