{"id":23740,"date":"2019-10-15T15:53:21","date_gmt":"2019-10-15T13:53:21","guid":{"rendered":"http:\/\/euwps02.tecnavia.com\/ilmercoledi\/news\/?p=23740"},"modified":"2019-10-15T15:53:23","modified_gmt":"2019-10-15T13:53:23","slug":"nichelino-la-nuova-stagione-del-superga-e-carpe-diem","status":"publish","type":"post","link":"https:\/\/www.ilmercoledi.news\/2019\/10\/15\/nichelino-la-nuova-stagione-del-superga-e-carpe-diem\/","title":{"rendered":"NICHELINO &#8211; La nuova stagione del Superga \u00e8 &#8220;Carpe Diem&#8221;"},"content":{"rendered":"<p>\u201cCarpe diem\u201d \u00e8 una delle pi\u00f9 celebri orazioni della latinit\u00e0, una delle filosofie di vita pi\u00f9 influenti della storia, un invito a godere ogni giorno dei beni offerti dalla vita, apprezzando ci\u00f2 che si ha. Seguendo questo filo conduttore, il Teatro Superga di Nichelino presenta un cartellone per la stagione 2019\/2020 ricco di nuove produzioni: dalla trasposizione de \u201cL\u2019attimo Fuggente\u201d, trent\u2019anni dopo il debutto cinematografico, al nuovo progetto teatrale di Simone Cristicchi \u201cHappy Next \u2013 Alla ricerca della felicit\u00e0\u201d; da \u201cAndy e Norman\u201d, l\u2019esordio a teatro del duo comico Gigi e Ross, alla \u201cTurand\u00f2\u201d di Petra Magoni e Ferruccio Spinetti.<\/p>\n<p>La stagione 2019-2020 del Teatro Superga \u00e8 firmata dalla co-direzione artistica di Alessio e Fabio Boasi insieme a Claudia Spoto, direttrice del Teatro Colosseo. Per il quinto anno la gestione e la campagna di comunicazione sono di Reverse Agency all\u2019interno di Sistema Cultura, il concetto dinamico di rete tra tutte le realt\u00e0 culturali del territorio fortemente voluto dalla Citt\u00e0 di Nichelino dal 2015. Da ottobre ad aprile ci saranno 19 spettacoli: 12 in cartellone, 1 nella rassegna TSN Off di talenti locali e 6 concerti di \u201cLirica a Corte\u201d e \u201cMusical a Corte\u201d nel Salone d\u2019Onore della Palazzina di Caccia di Stupinigi.<\/p>\n","protected":false},"excerpt":{"rendered":"","protected":false},"author":11,"featured_media":11551,"comment_status":"open","ping_status":"closed","sticky":false,"template":"","format":"standard","meta":[],"categories":[34],"tags":[],"news-destination":[],"news-source":[],"is_homepage":[],"ta_other":[],"_links":{"self":[{"href":"https:\/\/www.ilmercoledi.news\/ilmercoledi\/news\/wp-json\/wp\/v2\/posts\/23740"}],"collection":[{"href":"https:\/\/www.ilmercoledi.news\/ilmercoledi\/news\/wp-json\/wp\/v2\/posts"}],"about":[{"href":"https:\/\/www.ilmercoledi.news\/ilmercoledi\/news\/wp-json\/wp\/v2\/types\/post"}],"author":[{"embeddable":true,"href":"https:\/\/www.ilmercoledi.news\/ilmercoledi\/news\/wp-json\/wp\/v2\/users\/11"}],"replies":[{"embeddable":true,"href":"https:\/\/www.ilmercoledi.news\/ilmercoledi\/news\/wp-json\/wp\/v2\/comments?post=23740"}],"version-history":[{"count":1,"href":"https:\/\/www.ilmercoledi.news\/ilmercoledi\/news\/wp-json\/wp\/v2\/posts\/23740\/revisions"}],"predecessor-version":[{"id":23741,"href":"https:\/\/www.ilmercoledi.news\/ilmercoledi\/news\/wp-json\/wp\/v2\/posts\/23740\/revisions\/23741"}],"wp:featuredmedia":[{"embeddable":true,"href":"https:\/\/www.ilmercoledi.news\/ilmercoledi\/news\/wp-json\/wp\/v2\/media\/11551"}],"wp:attachment":[{"href":"https:\/\/www.ilmercoledi.news\/ilmercoledi\/news\/wp-json\/wp\/v2\/media?parent=23740"}],"wp:term":[{"taxonomy":"category","embeddable":true,"href":"https:\/\/www.ilmercoledi.news\/ilmercoledi\/news\/wp-json\/wp\/v2\/categories?post=23740"},{"taxonomy":"post_tag","embeddable":true,"href":"https:\/\/www.ilmercoledi.news\/ilmercoledi\/news\/wp-json\/wp\/v2\/tags?post=23740"},{"taxonomy":"news-destination","embeddable":true,"href":"https:\/\/www.ilmercoledi.news\/ilmercoledi\/news\/wp-json\/wp\/v2\/news-destination?post=23740"},{"taxonomy":"news-source","embeddable":true,"href":"https:\/\/www.ilmercoledi.news\/ilmercoledi\/news\/wp-json\/wp\/v2\/news-source?post=23740"},{"taxonomy":"is_homepage","embeddable":true,"href":"https:\/\/www.ilmercoledi.news\/ilmercoledi\/news\/wp-json\/wp\/v2\/is_homepage?post=23740"},{"taxonomy":"ta_other","embeddable":true,"href":"https:\/\/www.ilmercoledi.news\/ilmercoledi\/news\/wp-json\/wp\/v2\/ta_other?post=23740"}],"curies":[{"name":"wp","href":"https:\/\/api.w.org\/{rel}","templated":true}]}}