{"id":23767,"date":"2019-10-16T07:52:56","date_gmt":"2019-10-16T05:52:56","guid":{"rendered":"http:\/\/euwps02.tecnavia.com\/ilmercoledi\/news\/?p=23767"},"modified":"2019-10-16T07:53:00","modified_gmt":"2019-10-16T05:53:00","slug":"cronaca-la-finanza-pizzica-15-lavoratori-in-nero-in-una-sala-da-ballo","status":"publish","type":"post","link":"https:\/\/www.ilmercoledi.news\/2019\/10\/16\/cronaca-la-finanza-pizzica-15-lavoratori-in-nero-in-una-sala-da-ballo\/","title":{"rendered":"CRONACA &#8211; La Finanza pizzica 15 lavoratori in nero in una sala da ballo"},"content":{"rendered":"<p style=\"font-weight: 400\">Quando i Finanzieri sono arrivati all\u2019interno del locale, tutto il personale era impegnato in quella che doveva essere una delle tante serate danzanti del fine settimana. Unica \u201cpecca\u201d: quasi la totalit\u00e0 era impiegato irregolarmente.<\/p>\n<p style=\"font-weight: 400\">\n<p style=\"font-weight: 400\">\u00c8 quello che ha scoperto la Guardia di Finanza di Torino nel corso di un intervento all\u2019interno di una nota sala da ballo e pizzeria del pinerolese, dove i Finanzieri della Compagnia di Pinerolo hanno sorpreso una quindicina di lavoratori, la stragrande maggioranza italiani, intenti a svolgere le proprie mansioni di camerieri e piazzaioli.<\/p>\n<p style=\"font-weight: 400\">\n<p style=\"font-weight: 400\">Come detto\u00a015 i lavoratori irregolari, praticamente l\u2019intero staff aziendale,\u00a0esposto, in tal modo, ad elevati rischi in termini di sicurezza e di garanzie assistenziali, dal momento che tra i lavoratori vi era chi svolgeva mansioni che prevedevano anche l\u2019utilizzo di macchinari e utensili.<\/p>\n<p style=\"font-weight: 400\">Pesanti le conseguenze per il datore di lavoro, un imprenditore italiano cinquantenne. L\u2019uomo ha rischiato la sospensione dell\u2019attivit\u00e0, poi rientrata per aver assunto, cos\u00ec come vuole la normativa, tutto il personale sorpreso a lavorare irregolarmente.\u00a0Ma oltre alle gravi responsabilit\u00e0 legate alla gestione dei dipendenti sono state riscontrate dai Finanzieri anche\u00a0anomalie contabili ed amministrative.<\/p>\n<p style=\"font-weight: 400\">\n<p style=\"font-weight: 400\">Nel corso del controllo infatti \u00e8 stato appurata\u00a0un\u2019evasione fiscale per oltre 170.000\u00a0euro legata ad una passata annualit\u00e0 dove la societ\u00e0 coinvolta nella vicenda \u00e8 risultata essere completamente \u00a0sconosciuta al fisco.\u00a0Circa 16.000 euro,\u00a0invece, le sanzioni connesse all\u2019utilizzo di manodopera irregolare.<\/p>\n<p style=\"font-weight: 400\">\n<p style=\"font-weight: 400\">L\u2019intervento dei finanzieri ha, come accennato, indotto il titolare della societ\u00e0 alla regolarizzazione delle posizioni lavorative, garantendo cos\u00ec al personale i benefici derivanti dalla\u00a0regolare assunzione\u00a0e dall\u2019adeguata copertura assicurativa.<\/p>\n","protected":false},"excerpt":{"rendered":"","protected":false},"author":11,"featured_media":5584,"comment_status":"open","ping_status":"closed","sticky":false,"template":"","format":"standard","meta":[],"categories":[34],"tags":[],"news-destination":[],"news-source":[],"is_homepage":[],"ta_other":[],"_links":{"self":[{"href":"https:\/\/www.ilmercoledi.news\/ilmercoledi\/news\/wp-json\/wp\/v2\/posts\/23767"}],"collection":[{"href":"https:\/\/www.ilmercoledi.news\/ilmercoledi\/news\/wp-json\/wp\/v2\/posts"}],"about":[{"href":"https:\/\/www.ilmercoledi.news\/ilmercoledi\/news\/wp-json\/wp\/v2\/types\/post"}],"author":[{"embeddable":true,"href":"https:\/\/www.ilmercoledi.news\/ilmercoledi\/news\/wp-json\/wp\/v2\/users\/11"}],"replies":[{"embeddable":true,"href":"https:\/\/www.ilmercoledi.news\/ilmercoledi\/news\/wp-json\/wp\/v2\/comments?post=23767"}],"version-history":[{"count":1,"href":"https:\/\/www.ilmercoledi.news\/ilmercoledi\/news\/wp-json\/wp\/v2\/posts\/23767\/revisions"}],"predecessor-version":[{"id":23768,"href":"https:\/\/www.ilmercoledi.news\/ilmercoledi\/news\/wp-json\/wp\/v2\/posts\/23767\/revisions\/23768"}],"wp:featuredmedia":[{"embeddable":true,"href":"https:\/\/www.ilmercoledi.news\/ilmercoledi\/news\/wp-json\/wp\/v2\/media\/5584"}],"wp:attachment":[{"href":"https:\/\/www.ilmercoledi.news\/ilmercoledi\/news\/wp-json\/wp\/v2\/media?parent=23767"}],"wp:term":[{"taxonomy":"category","embeddable":true,"href":"https:\/\/www.ilmercoledi.news\/ilmercoledi\/news\/wp-json\/wp\/v2\/categories?post=23767"},{"taxonomy":"post_tag","embeddable":true,"href":"https:\/\/www.ilmercoledi.news\/ilmercoledi\/news\/wp-json\/wp\/v2\/tags?post=23767"},{"taxonomy":"news-destination","embeddable":true,"href":"https:\/\/www.ilmercoledi.news\/ilmercoledi\/news\/wp-json\/wp\/v2\/news-destination?post=23767"},{"taxonomy":"news-source","embeddable":true,"href":"https:\/\/www.ilmercoledi.news\/ilmercoledi\/news\/wp-json\/wp\/v2\/news-source?post=23767"},{"taxonomy":"is_homepage","embeddable":true,"href":"https:\/\/www.ilmercoledi.news\/ilmercoledi\/news\/wp-json\/wp\/v2\/is_homepage?post=23767"},{"taxonomy":"ta_other","embeddable":true,"href":"https:\/\/www.ilmercoledi.news\/ilmercoledi\/news\/wp-json\/wp\/v2\/ta_other?post=23767"}],"curies":[{"name":"wp","href":"https:\/\/api.w.org\/{rel}","templated":true}]}}