{"id":24218,"date":"2019-10-28T20:42:21","date_gmt":"2019-10-28T19:42:21","guid":{"rendered":"http:\/\/euwps02.tecnavia.com\/ilmercoledi\/news\/?p=24218"},"modified":"2019-10-29T07:59:05","modified_gmt":"2019-10-29T06:59:05","slug":"giovedi-31-ottobre-alla-biblioteca-arduino-claudia-cassio-presenta-in-biblioteca-la-fine-dellora-legale","status":"publish","type":"post","link":"https:\/\/www.ilmercoledi.news\/2019\/10\/28\/giovedi-31-ottobre-alla-biblioteca-arduino-claudia-cassio-presenta-in-biblioteca-la-fine-dellora-legale\/","title":{"rendered":"Gioved\u00ec 31 ottobre alla biblioteca Arduino Claudia Cassio presenta \u201cLa fine dell\u2019ora legale\u201d"},"content":{"rendered":"<p>Le esistenze di due uomini molto diversi ruotano attorno al parco pubblico di una citt\u00e0 del torinese, mentre i rispettivi destini s\u2019intrecceranno loro malgrado a causa di un macabro ritrovamento.<\/p>\n<p>A svelare l\u2019enigma, o ad aggiungerne altri, ci penser\u00e0 la moncalierese Claudia Cassio, che gioved\u00ec 31 ottobre alle 17,30 presenter\u00e0 la sua opera prima \u201cLa fine dell\u2019ora legale\u201d (Edizioni Tripla E) alla biblioteca civica Arduino di Moncalieri. L\u2019autrice sar\u00e0 presentata dalla direttrice editoriale Edizioni Tripla E, Piera Rossotti Pogliano. L\u2019ingresso \u00e8 libero.<\/p>\n<p>Nico \u00e8 un ragazzo ferito dalla vita: la \u2018ndrangheta gli ha decimato la famiglia, ma ora lui vuole ricominciare. Prender\u00e0 il posto dell\u2019anziano custode del parco, Tommaso, che va in pensione. Ma proprio durante il primo giorno di lavoro, viene scoperto un corpo riverso su una panchina. Un\u2019overdose, forse. O forse no. I due, che non vanno d\u2019amore e d\u2019accordo, inizieranno indagini parallele, cercandola verit\u00e0 nelle storie delle persone che frequentano il parco con la luce, e nell\u2019oscurit\u00e0 della notte. Intanto le lancette dell\u2019orologio corrono veloci, e giorno dopo giorno arriva il momento di passare dall\u2019ora legale a quella solare. Un\u2019ora che sfuma in un attimo, il tempo che sembra tornare indietro. L\u2019arrivo di una ragazza dagli occhi verdi. E magari anche la fine del mistero.<\/p>\n<p>&nbsp;<\/p>\n<p>&nbsp;<\/p>\n","protected":false},"excerpt":{"rendered":"","protected":false},"author":4,"featured_media":24219,"comment_status":"open","ping_status":"closed","sticky":false,"template":"","format":"standard","meta":[],"categories":[9],"tags":[470,417,468,471,153,472,469,225,147,151,120,473,474],"news-destination":[],"news-source":[],"is_homepage":[],"ta_other":[],"_links":{"self":[{"href":"https:\/\/www.ilmercoledi.news\/ilmercoledi\/news\/wp-json\/wp\/v2\/posts\/24218"}],"collection":[{"href":"https:\/\/www.ilmercoledi.news\/ilmercoledi\/news\/wp-json\/wp\/v2\/posts"}],"about":[{"href":"https:\/\/www.ilmercoledi.news\/ilmercoledi\/news\/wp-json\/wp\/v2\/types\/post"}],"author":[{"embeddable":true,"href":"https:\/\/www.ilmercoledi.news\/ilmercoledi\/news\/wp-json\/wp\/v2\/users\/4"}],"replies":[{"embeddable":true,"href":"https:\/\/www.ilmercoledi.news\/ilmercoledi\/news\/wp-json\/wp\/v2\/comments?post=24218"}],"version-history":[{"count":4,"href":"https:\/\/www.ilmercoledi.news\/ilmercoledi\/news\/wp-json\/wp\/v2\/posts\/24218\/revisions"}],"predecessor-version":[{"id":24223,"href":"https:\/\/www.ilmercoledi.news\/ilmercoledi\/news\/wp-json\/wp\/v2\/posts\/24218\/revisions\/24223"}],"wp:featuredmedia":[{"embeddable":true,"href":"https:\/\/www.ilmercoledi.news\/ilmercoledi\/news\/wp-json\/wp\/v2\/media\/24219"}],"wp:attachment":[{"href":"https:\/\/www.ilmercoledi.news\/ilmercoledi\/news\/wp-json\/wp\/v2\/media?parent=24218"}],"wp:term":[{"taxonomy":"category","embeddable":true,"href":"https:\/\/www.ilmercoledi.news\/ilmercoledi\/news\/wp-json\/wp\/v2\/categories?post=24218"},{"taxonomy":"post_tag","embeddable":true,"href":"https:\/\/www.ilmercoledi.news\/ilmercoledi\/news\/wp-json\/wp\/v2\/tags?post=24218"},{"taxonomy":"news-destination","embeddable":true,"href":"https:\/\/www.ilmercoledi.news\/ilmercoledi\/news\/wp-json\/wp\/v2\/news-destination?post=24218"},{"taxonomy":"news-source","embeddable":true,"href":"https:\/\/www.ilmercoledi.news\/ilmercoledi\/news\/wp-json\/wp\/v2\/news-source?post=24218"},{"taxonomy":"is_homepage","embeddable":true,"href":"https:\/\/www.ilmercoledi.news\/ilmercoledi\/news\/wp-json\/wp\/v2\/is_homepage?post=24218"},{"taxonomy":"ta_other","embeddable":true,"href":"https:\/\/www.ilmercoledi.news\/ilmercoledi\/news\/wp-json\/wp\/v2\/ta_other?post=24218"}],"curies":[{"name":"wp","href":"https:\/\/api.w.org\/{rel}","templated":true}]}}