{"id":24501,"date":"2019-11-06T15:12:58","date_gmt":"2019-11-06T14:12:58","guid":{"rendered":"http:\/\/euwps02.tecnavia.com\/ilmercoledi\/news\/?p=24501"},"modified":"2019-11-06T15:13:01","modified_gmt":"2019-11-06T14:13:01","slug":"moncalieri-lavori-in-corso-in-biblioteca-chiuse-alcune-sale","status":"publish","type":"post","link":"https:\/\/www.ilmercoledi.news\/2019\/11\/06\/moncalieri-lavori-in-corso-in-biblioteca-chiuse-alcune-sale\/","title":{"rendered":"MONCALIERI &#8211; Lavori in corso in biblioteca: chiuse alcune sale"},"content":{"rendered":"<p>A causa di lavori di ristrutturazione e rinnovo locali, da luned\u00ec 11 novembre a sabato 11 gennaio, la sala consultazione libri della biblioteca di Moncalieri al primo piano e l&#8217;emeroteca al semiterrato saranno chiuse al pubblico, con sospensione dei relativi servizi. Non sar\u00e0 possibile prendere in prestito n\u00e9 consultare giornali, cd audio, audiolibri, la sezione Piemonte e la sezione Libri in lingua originale, n\u00e9 le opere in consultazione (CS, CP, M, FA). Non sar\u00e0 inoltre consentito usufruire della sala consultazione per studio, n\u00e9 utilizzare i computer dell&#8217;emeroteca. Fino alla riapertura delle sale sar\u00e0 consentito solamente studiare dal marted\u00ec al venerd\u00ec in Sala Ragazzi esclusivamente al mattino, utilizzare i computer tutto il giorno in Sala Internet e leggere i quotidiani in Sala Adulti.<\/p>\n","protected":false},"excerpt":{"rendered":"","protected":false},"author":11,"featured_media":19305,"comment_status":"open","ping_status":"closed","sticky":false,"template":"","format":"standard","meta":[],"categories":[34],"tags":[],"news-destination":[],"news-source":[],"is_homepage":[],"ta_other":[],"_links":{"self":[{"href":"https:\/\/www.ilmercoledi.news\/ilmercoledi\/news\/wp-json\/wp\/v2\/posts\/24501"}],"collection":[{"href":"https:\/\/www.ilmercoledi.news\/ilmercoledi\/news\/wp-json\/wp\/v2\/posts"}],"about":[{"href":"https:\/\/www.ilmercoledi.news\/ilmercoledi\/news\/wp-json\/wp\/v2\/types\/post"}],"author":[{"embeddable":true,"href":"https:\/\/www.ilmercoledi.news\/ilmercoledi\/news\/wp-json\/wp\/v2\/users\/11"}],"replies":[{"embeddable":true,"href":"https:\/\/www.ilmercoledi.news\/ilmercoledi\/news\/wp-json\/wp\/v2\/comments?post=24501"}],"version-history":[{"count":1,"href":"https:\/\/www.ilmercoledi.news\/ilmercoledi\/news\/wp-json\/wp\/v2\/posts\/24501\/revisions"}],"predecessor-version":[{"id":24502,"href":"https:\/\/www.ilmercoledi.news\/ilmercoledi\/news\/wp-json\/wp\/v2\/posts\/24501\/revisions\/24502"}],"wp:featuredmedia":[{"embeddable":true,"href":"https:\/\/www.ilmercoledi.news\/ilmercoledi\/news\/wp-json\/wp\/v2\/media\/19305"}],"wp:attachment":[{"href":"https:\/\/www.ilmercoledi.news\/ilmercoledi\/news\/wp-json\/wp\/v2\/media?parent=24501"}],"wp:term":[{"taxonomy":"category","embeddable":true,"href":"https:\/\/www.ilmercoledi.news\/ilmercoledi\/news\/wp-json\/wp\/v2\/categories?post=24501"},{"taxonomy":"post_tag","embeddable":true,"href":"https:\/\/www.ilmercoledi.news\/ilmercoledi\/news\/wp-json\/wp\/v2\/tags?post=24501"},{"taxonomy":"news-destination","embeddable":true,"href":"https:\/\/www.ilmercoledi.news\/ilmercoledi\/news\/wp-json\/wp\/v2\/news-destination?post=24501"},{"taxonomy":"news-source","embeddable":true,"href":"https:\/\/www.ilmercoledi.news\/ilmercoledi\/news\/wp-json\/wp\/v2\/news-source?post=24501"},{"taxonomy":"is_homepage","embeddable":true,"href":"https:\/\/www.ilmercoledi.news\/ilmercoledi\/news\/wp-json\/wp\/v2\/is_homepage?post=24501"},{"taxonomy":"ta_other","embeddable":true,"href":"https:\/\/www.ilmercoledi.news\/ilmercoledi\/news\/wp-json\/wp\/v2\/ta_other?post=24501"}],"curies":[{"name":"wp","href":"https:\/\/api.w.org\/{rel}","templated":true}]}}