{"id":24552,"date":"2019-11-07T15:53:23","date_gmt":"2019-11-07T14:53:23","guid":{"rendered":"http:\/\/euwps02.tecnavia.com\/ilmercoledi\/news\/?p=24552"},"modified":"2019-11-07T15:53:28","modified_gmt":"2019-11-07T14:53:28","slug":"cultura-nuove-visite-storiche-a-palazzo-cisterna","status":"publish","type":"post","link":"https:\/\/www.ilmercoledi.news\/2019\/11\/07\/cultura-nuove-visite-storiche-a-palazzo-cisterna\/","title":{"rendered":"CULTURA &#8211; Nuove visite storiche a Palazzo Cisterna"},"content":{"rendered":"<p>Proseguono nel mese di\u00a0novembre\u00a0le visite guidate a\u00a0Palazzo Dal Pozzo della Cisterna, sede aulica della\u00a0Citt\u00e0 Metropolitana di Torino, in via Maria Vittoria 12. Il nono\u00a0appuntamento dell\u2019anno, previsto per le\u00a0ore 10 di\u00a0sabato 16 novembre, sar\u00e0 animato dal\u00a0gruppo storico iscritto all\u2019Albo della Citt\u00e0 metropolitana di Torino Historia Subalpina, associazione storico-culturale senza scopo di lucro che ha per fine la ricerca storica, l&#8217;organizzazione e lo svolgimento di attivit\u00e0 culturali, divulgative, rievocative e ricreative inerenti fatti, personaggi e vicende piemontesi compresi tra il 1600 ed il 1900. La visita \u00e8\u00a0gratuita\u00a0con prenotazione\u00a0telefonica al numero\u00a0011-8612644, dal luned\u00ec al venerd\u00ec dalle 9,30 alle 13, oppure al numero\u00a0011-8617100\u00a0il luned\u00ec e il gioved\u00ec dalle 9,30 alle 17, il marted\u00ec, il mercoled\u00ec e il venerd\u00ec dalle 9,30 alle 13, oppure inviando un\u2019e-mail all\u2019indirizzo\u00a0urp@cittametropolitana.torino.it.<\/p>\n","protected":false},"excerpt":{"rendered":"","protected":false},"author":11,"featured_media":1218,"comment_status":"open","ping_status":"closed","sticky":false,"template":"","format":"standard","meta":[],"categories":[9],"tags":[],"news-destination":[],"news-source":[],"is_homepage":[],"ta_other":[],"_links":{"self":[{"href":"https:\/\/www.ilmercoledi.news\/ilmercoledi\/news\/wp-json\/wp\/v2\/posts\/24552"}],"collection":[{"href":"https:\/\/www.ilmercoledi.news\/ilmercoledi\/news\/wp-json\/wp\/v2\/posts"}],"about":[{"href":"https:\/\/www.ilmercoledi.news\/ilmercoledi\/news\/wp-json\/wp\/v2\/types\/post"}],"author":[{"embeddable":true,"href":"https:\/\/www.ilmercoledi.news\/ilmercoledi\/news\/wp-json\/wp\/v2\/users\/11"}],"replies":[{"embeddable":true,"href":"https:\/\/www.ilmercoledi.news\/ilmercoledi\/news\/wp-json\/wp\/v2\/comments?post=24552"}],"version-history":[{"count":1,"href":"https:\/\/www.ilmercoledi.news\/ilmercoledi\/news\/wp-json\/wp\/v2\/posts\/24552\/revisions"}],"predecessor-version":[{"id":24553,"href":"https:\/\/www.ilmercoledi.news\/ilmercoledi\/news\/wp-json\/wp\/v2\/posts\/24552\/revisions\/24553"}],"wp:featuredmedia":[{"embeddable":true,"href":"https:\/\/www.ilmercoledi.news\/ilmercoledi\/news\/wp-json\/wp\/v2\/media\/1218"}],"wp:attachment":[{"href":"https:\/\/www.ilmercoledi.news\/ilmercoledi\/news\/wp-json\/wp\/v2\/media?parent=24552"}],"wp:term":[{"taxonomy":"category","embeddable":true,"href":"https:\/\/www.ilmercoledi.news\/ilmercoledi\/news\/wp-json\/wp\/v2\/categories?post=24552"},{"taxonomy":"post_tag","embeddable":true,"href":"https:\/\/www.ilmercoledi.news\/ilmercoledi\/news\/wp-json\/wp\/v2\/tags?post=24552"},{"taxonomy":"news-destination","embeddable":true,"href":"https:\/\/www.ilmercoledi.news\/ilmercoledi\/news\/wp-json\/wp\/v2\/news-destination?post=24552"},{"taxonomy":"news-source","embeddable":true,"href":"https:\/\/www.ilmercoledi.news\/ilmercoledi\/news\/wp-json\/wp\/v2\/news-source?post=24552"},{"taxonomy":"is_homepage","embeddable":true,"href":"https:\/\/www.ilmercoledi.news\/ilmercoledi\/news\/wp-json\/wp\/v2\/is_homepage?post=24552"},{"taxonomy":"ta_other","embeddable":true,"href":"https:\/\/www.ilmercoledi.news\/ilmercoledi\/news\/wp-json\/wp\/v2\/ta_other?post=24552"}],"curies":[{"name":"wp","href":"https:\/\/api.w.org\/{rel}","templated":true}]}}