{"id":24744,"date":"2019-11-13T17:00:51","date_gmt":"2019-11-13T16:00:51","guid":{"rendered":"http:\/\/euwps02.tecnavia.com\/ilmercoledi\/news\/?p=24744"},"modified":"2019-11-13T17:00:54","modified_gmt":"2019-11-13T16:00:54","slug":"25-anni-de-il-mercoledi-grazie-a-tutti-i-lettori","status":"publish","type":"post","link":"https:\/\/www.ilmercoledi.news\/2019\/11\/13\/25-anni-de-il-mercoledi-grazie-a-tutti-i-lettori\/","title":{"rendered":"25 anni de il Mercoled\u00ec: grazie a tutti i lettori"},"content":{"rendered":"<p>Solamente grazie. La serata evento che il Mercoled\u00ec ha organizzato marted\u00ec sera alla Cavallerizza del Castello Reale di Moncalieri ha visto il sold out. Molti i lettori che hanno partecipato a questa giornata, che ha voluto essere una sintesi tra amarcord e progetti futuri. Tra i presenti moltissimi ex sindaci, per una serata che si \u00e8 aperta con un graditissimo videomessaggio inviatoci dal Presidente della Regione Piemonte Alberto Cirio. Graditi anche i saluti del sindaco di Moncalieri Paolo Montagna, che ha dato il l\u00e0 alla giornata, magistralmente condotta dall&#8217;attore-presentatore Mario Acampa. Graditissime le le esibizioni del Balletto di Moncalieri diretto da Barbara Casto, in cui grazie e sensualit\u00e0 hanno avvolto il grande salone sabaudo, mentre come sempre inarrivabile \u00e8 stato il Maestro Ugo Viola, che ha concluso in tandem con il Balletto con uno straordinario Tango da applausi a scena aperta. Nel corso della serata anche i ricordi e le strategie raccontate da un commosso direttore de il Mercoled\u00ec Mel Menzio, affiancato dal Direttore del Corriere Torino Marco Castelnuovo, mentre \u00e8 toccato al vice direttore de il Mercoled\u00ec e presidente della societ\u00e0 Editrice Luca Carisio e a Piero Ratti, direttore testate locali del Corriere della Sera, annunciare la grande novit\u00e0: da oggi, e per cinque mercoled\u00ec di fila, con soli 1,20 euro sar\u00e0 possibile ritirare in edicola il Mercoled\u00ec, il Corriere della Sera ed il Corriere di Torino, portandosi cos\u00ec a casa una informazione a tutto tondo: internazionale, nazionale, regionale e locale. Ma tutto questo \u00e8 stato possibile grazie ai lettori che da 25 anni ci fanno la forza di andare avanti e di mantenere costante la nostra autonomia e autorevolezza. Aspetti che ci sono stati riconosciuti dal Presidente Cirio e dal sindaco Montagna.<\/p>\n<p>Sul prossimo numero de il Mercoled\u00ec ampio servizio sula festa dei 25 anni<\/p>\n","protected":false},"excerpt":{"rendered":"","protected":false},"author":7,"featured_media":24745,"comment_status":"open","ping_status":"closed","sticky":false,"template":"","format":"standard","meta":[],"categories":[34],"tags":[482,295,484,481,483],"news-destination":[],"news-source":[],"is_homepage":[],"ta_other":[],"_links":{"self":[{"href":"https:\/\/www.ilmercoledi.news\/ilmercoledi\/news\/wp-json\/wp\/v2\/posts\/24744"}],"collection":[{"href":"https:\/\/www.ilmercoledi.news\/ilmercoledi\/news\/wp-json\/wp\/v2\/posts"}],"about":[{"href":"https:\/\/www.ilmercoledi.news\/ilmercoledi\/news\/wp-json\/wp\/v2\/types\/post"}],"author":[{"embeddable":true,"href":"https:\/\/www.ilmercoledi.news\/ilmercoledi\/news\/wp-json\/wp\/v2\/users\/7"}],"replies":[{"embeddable":true,"href":"https:\/\/www.ilmercoledi.news\/ilmercoledi\/news\/wp-json\/wp\/v2\/comments?post=24744"}],"version-history":[{"count":1,"href":"https:\/\/www.ilmercoledi.news\/ilmercoledi\/news\/wp-json\/wp\/v2\/posts\/24744\/revisions"}],"predecessor-version":[{"id":24746,"href":"https:\/\/www.ilmercoledi.news\/ilmercoledi\/news\/wp-json\/wp\/v2\/posts\/24744\/revisions\/24746"}],"wp:featuredmedia":[{"embeddable":true,"href":"https:\/\/www.ilmercoledi.news\/ilmercoledi\/news\/wp-json\/wp\/v2\/media\/24745"}],"wp:attachment":[{"href":"https:\/\/www.ilmercoledi.news\/ilmercoledi\/news\/wp-json\/wp\/v2\/media?parent=24744"}],"wp:term":[{"taxonomy":"category","embeddable":true,"href":"https:\/\/www.ilmercoledi.news\/ilmercoledi\/news\/wp-json\/wp\/v2\/categories?post=24744"},{"taxonomy":"post_tag","embeddable":true,"href":"https:\/\/www.ilmercoledi.news\/ilmercoledi\/news\/wp-json\/wp\/v2\/tags?post=24744"},{"taxonomy":"news-destination","embeddable":true,"href":"https:\/\/www.ilmercoledi.news\/ilmercoledi\/news\/wp-json\/wp\/v2\/news-destination?post=24744"},{"taxonomy":"news-source","embeddable":true,"href":"https:\/\/www.ilmercoledi.news\/ilmercoledi\/news\/wp-json\/wp\/v2\/news-source?post=24744"},{"taxonomy":"is_homepage","embeddable":true,"href":"https:\/\/www.ilmercoledi.news\/ilmercoledi\/news\/wp-json\/wp\/v2\/is_homepage?post=24744"},{"taxonomy":"ta_other","embeddable":true,"href":"https:\/\/www.ilmercoledi.news\/ilmercoledi\/news\/wp-json\/wp\/v2\/ta_other?post=24744"}],"curies":[{"name":"wp","href":"https:\/\/api.w.org\/{rel}","templated":true}]}}