{"id":24872,"date":"2019-11-19T08:08:21","date_gmt":"2019-11-19T07:08:21","guid":{"rendered":"http:\/\/euwps02.tecnavia.com\/ilmercoledi\/news\/?p=24872"},"modified":"2019-11-19T08:08:24","modified_gmt":"2019-11-19T07:08:24","slug":"carmagnola-incontro-pubblico-sul-tema-della-violenza-sulle-donne","status":"publish","type":"post","link":"https:\/\/www.ilmercoledi.news\/2019\/11\/19\/carmagnola-incontro-pubblico-sul-tema-della-violenza-sulle-donne\/","title":{"rendered":"CARMAGNOLA &#8211; Incontro pubblico sul tema della violenza sulle donne"},"content":{"rendered":"<p>L&#8217;Associazione Ex Allievi del Liceo Baldessano propone in collaborazione con il comune di Carmagnola un momento di incontro per riflettere sulle misure contro la violenza verso le donne.L&#8217;incontro si terr\u00e0 venerd\u00ec 22 novembre alle 21, presso la Sala Solavaggione della Biblioteca Civica. Il titolo della serata \u00e8 &#8220;1999 \u2013 2019. A 20 anni dall\u2019istituzione della Giornata Internazionale per l\u2019eliminazione della violenza contro le Donne, le strategie antiviolenza sono efficaci ?\u201d. Ne discutono la Dottoressa Ester De Donatis, psicologa presso il Centro Antiviolenza del Distretto Sanitario di Carmagnola e l&#8217;Avvocato Silvia Lorenzino, Vice Presidente dei Centri Antiviolenza E.M.M.A. onlus.Ingresso libero<\/p>\n","protected":false},"excerpt":{"rendered":"","protected":false},"author":11,"featured_media":22816,"comment_status":"open","ping_status":"closed","sticky":false,"template":"","format":"standard","meta":[],"categories":[34],"tags":[],"news-destination":[],"news-source":[],"is_homepage":[],"ta_other":[],"_links":{"self":[{"href":"https:\/\/www.ilmercoledi.news\/ilmercoledi\/news\/wp-json\/wp\/v2\/posts\/24872"}],"collection":[{"href":"https:\/\/www.ilmercoledi.news\/ilmercoledi\/news\/wp-json\/wp\/v2\/posts"}],"about":[{"href":"https:\/\/www.ilmercoledi.news\/ilmercoledi\/news\/wp-json\/wp\/v2\/types\/post"}],"author":[{"embeddable":true,"href":"https:\/\/www.ilmercoledi.news\/ilmercoledi\/news\/wp-json\/wp\/v2\/users\/11"}],"replies":[{"embeddable":true,"href":"https:\/\/www.ilmercoledi.news\/ilmercoledi\/news\/wp-json\/wp\/v2\/comments?post=24872"}],"version-history":[{"count":1,"href":"https:\/\/www.ilmercoledi.news\/ilmercoledi\/news\/wp-json\/wp\/v2\/posts\/24872\/revisions"}],"predecessor-version":[{"id":24873,"href":"https:\/\/www.ilmercoledi.news\/ilmercoledi\/news\/wp-json\/wp\/v2\/posts\/24872\/revisions\/24873"}],"wp:featuredmedia":[{"embeddable":true,"href":"https:\/\/www.ilmercoledi.news\/ilmercoledi\/news\/wp-json\/wp\/v2\/media\/22816"}],"wp:attachment":[{"href":"https:\/\/www.ilmercoledi.news\/ilmercoledi\/news\/wp-json\/wp\/v2\/media?parent=24872"}],"wp:term":[{"taxonomy":"category","embeddable":true,"href":"https:\/\/www.ilmercoledi.news\/ilmercoledi\/news\/wp-json\/wp\/v2\/categories?post=24872"},{"taxonomy":"post_tag","embeddable":true,"href":"https:\/\/www.ilmercoledi.news\/ilmercoledi\/news\/wp-json\/wp\/v2\/tags?post=24872"},{"taxonomy":"news-destination","embeddable":true,"href":"https:\/\/www.ilmercoledi.news\/ilmercoledi\/news\/wp-json\/wp\/v2\/news-destination?post=24872"},{"taxonomy":"news-source","embeddable":true,"href":"https:\/\/www.ilmercoledi.news\/ilmercoledi\/news\/wp-json\/wp\/v2\/news-source?post=24872"},{"taxonomy":"is_homepage","embeddable":true,"href":"https:\/\/www.ilmercoledi.news\/ilmercoledi\/news\/wp-json\/wp\/v2\/is_homepage?post=24872"},{"taxonomy":"ta_other","embeddable":true,"href":"https:\/\/www.ilmercoledi.news\/ilmercoledi\/news\/wp-json\/wp\/v2\/ta_other?post=24872"}],"curies":[{"name":"wp","href":"https:\/\/api.w.org\/{rel}","templated":true}]}}