{"id":2489,"date":"2018-02-12T10:51:13","date_gmt":"2018-02-12T09:51:13","guid":{"rendered":"http:\/\/euwps02.tecnavia.com\/ilmercoledi\/news\/?p=2489"},"modified":"2018-02-12T10:57:39","modified_gmt":"2018-02-12T09:57:39","slug":"pecetto-arriva-mercato-km-0","status":"publish","type":"post","link":"https:\/\/www.ilmercoledi.news\/2018\/02\/12\/pecetto-arriva-mercato-km-0\/","title":{"rendered":"Pecetto: arriva il mercato a km 0"},"content":{"rendered":"<p>PECETTO &#8211; In risposta ad una diretta richiesta dei produttori locali il Comune di Pecetto ha deciso di istituire un \u00abmercato a km 0\u00bb dedicato ai contadini. Sar\u00e0 presente tutti i giorni, dalle 7.30 alle 20 nel piazzale delle Ciliegie, fatta eccezione per il venerd\u00ec mattina. La novit\u00e0 \u00e8 stata inserita nel regolamento comunale approvato nel consiglio della scorsa settimana, da marzo il mercato sar\u00e0 attivo, ovviamente con una parte dei posti riservata alle aziende pecettesi. Un nuovo spazio per la vendita quindi, che va ad aggiungersi al tradizionale mercato del venerd\u00ec. Va da s\u00e9 che gli spazi in cui allestire le bancarelle verranno assegnati ai produttori agricoli in regola con l\u2019iscrizione alla camera di commercio e in possesso di tutti le altre autorizzazioni necessarie allo svolgimento della professione. Di conseguenza non verranno accettati i coltivatori amatoriali, tuttavia va ricordato che alla voce chilometri zero rientrano anche i coltivatori dell\u2019area compresa nella Citt\u00e0 Metropolitana di Torino, quindi \u00e8 facile credere che il mercato verr\u00e0 frequentato anche da chi vende frutta od ortaggi non specificatamente pecettesi o comunque della collina di Torino. Un \u00abdettaglio\u00bb che ha fatto storcere il naso alle minoranze consigliari, preoccupate dal fatto che la presenza di coltivatori esterni potrebbe \u00abrovinare la piazza\u00bb a quelli pecettesi.<\/p>\n<p>Tutti i dettagli nell&#8217;edizione in edicola il 14 febbraio<\/p>\n","protected":false},"excerpt":{"rendered":"","protected":false},"author":10,"featured_media":2490,"comment_status":"open","ping_status":"closed","sticky":false,"template":"","format":"standard","meta":[],"categories":[34],"tags":[],"news-destination":[],"news-source":[],"is_homepage":[],"ta_other":[],"_links":{"self":[{"href":"https:\/\/www.ilmercoledi.news\/ilmercoledi\/news\/wp-json\/wp\/v2\/posts\/2489"}],"collection":[{"href":"https:\/\/www.ilmercoledi.news\/ilmercoledi\/news\/wp-json\/wp\/v2\/posts"}],"about":[{"href":"https:\/\/www.ilmercoledi.news\/ilmercoledi\/news\/wp-json\/wp\/v2\/types\/post"}],"author":[{"embeddable":true,"href":"https:\/\/www.ilmercoledi.news\/ilmercoledi\/news\/wp-json\/wp\/v2\/users\/10"}],"replies":[{"embeddable":true,"href":"https:\/\/www.ilmercoledi.news\/ilmercoledi\/news\/wp-json\/wp\/v2\/comments?post=2489"}],"version-history":[{"count":2,"href":"https:\/\/www.ilmercoledi.news\/ilmercoledi\/news\/wp-json\/wp\/v2\/posts\/2489\/revisions"}],"predecessor-version":[{"id":2492,"href":"https:\/\/www.ilmercoledi.news\/ilmercoledi\/news\/wp-json\/wp\/v2\/posts\/2489\/revisions\/2492"}],"wp:featuredmedia":[{"embeddable":true,"href":"https:\/\/www.ilmercoledi.news\/ilmercoledi\/news\/wp-json\/wp\/v2\/media\/2490"}],"wp:attachment":[{"href":"https:\/\/www.ilmercoledi.news\/ilmercoledi\/news\/wp-json\/wp\/v2\/media?parent=2489"}],"wp:term":[{"taxonomy":"category","embeddable":true,"href":"https:\/\/www.ilmercoledi.news\/ilmercoledi\/news\/wp-json\/wp\/v2\/categories?post=2489"},{"taxonomy":"post_tag","embeddable":true,"href":"https:\/\/www.ilmercoledi.news\/ilmercoledi\/news\/wp-json\/wp\/v2\/tags?post=2489"},{"taxonomy":"news-destination","embeddable":true,"href":"https:\/\/www.ilmercoledi.news\/ilmercoledi\/news\/wp-json\/wp\/v2\/news-destination?post=2489"},{"taxonomy":"news-source","embeddable":true,"href":"https:\/\/www.ilmercoledi.news\/ilmercoledi\/news\/wp-json\/wp\/v2\/news-source?post=2489"},{"taxonomy":"is_homepage","embeddable":true,"href":"https:\/\/www.ilmercoledi.news\/ilmercoledi\/news\/wp-json\/wp\/v2\/is_homepage?post=2489"},{"taxonomy":"ta_other","embeddable":true,"href":"https:\/\/www.ilmercoledi.news\/ilmercoledi\/news\/wp-json\/wp\/v2\/ta_other?post=2489"}],"curies":[{"name":"wp","href":"https:\/\/api.w.org\/{rel}","templated":true}]}}