{"id":2495,"date":"2018-02-12T14:56:40","date_gmt":"2018-02-12T13:56:40","guid":{"rendered":"http:\/\/euwps02.tecnavia.com\/ilmercoledi\/news\/?p=2495"},"modified":"2018-02-12T14:56:41","modified_gmt":"2018-02-12T13:56:41","slug":"rally-promoter-moncalieresi-terra-veneta","status":"publish","type":"post","link":"https:\/\/www.ilmercoledi.news\/2018\/02\/12\/rally-promoter-moncalieresi-terra-veneta\/","title":{"rendered":"Rally: promoter moncalieresi in terra veneta"},"content":{"rendered":"<p>MONCALIERI &#8211; Manca poco pi\u00f9 di un mese al 3\u00b0 Rally Dei Colli Scaligeri &#8211; Rally Day che si disputer\u00e0 a Verona il 17 e 18 marzo prossimi. La squadra AEFFE Sport e Comunicazione continua il lavoro per definire i dettagli di una manifestazione molto attesa che aprir\u00e0 la stagione sportiva a Verona. Dopo le due precedenti edizioni che hanno riscontrato un ottimo successo confermato dalla crescita degli iscritti, quest\u2019anno il Comitato Organizzatore ha deciso di dare una rimescolata alle carte in tavola pur confermando la logistica complessiva dell\u2019evento che avr\u00e0 base a Montorio Veronese con verifiche, partenza, arrivo e parco assistenza. La novit\u00e0 pi\u00f9 interessante sar\u00e0 per\u00f2 nel percorso di gara, lungo oltre 140 km e con quasi 40 km di speciali. I concorrenti si sfideranno in un trittico di prove cronometrate da ripetere per due volte, due delle quali completamente nuove e mai disputate dalla gara. Solo una delle tre sar\u00e0 invece una riproposizione di un tratto gi\u00e0 disputato nelle due edizioni precedenti. Le iscrizioni apriranno il prossimo 18 febbraio e saranno ammesse al via un massimo di 120 vetture delle tipologie e classi previste dai regolamenti 2018 della specialit\u00e0 Rally Day. Gli aggiornamenti regolamentari non permetteranno quest\u2019anno la possibilit\u00e0 di includere le vetture storiche, dopo l\u2019ottimo riscontro registrato dal 1\u00ba Rally Storico Colli Scaligeri disputato lo scorso anno. Il Comitato Organizzatore ha confermato un\u2019interessante iniziativa proposta alle scuderie in fase di iscrizione: dopo i primi dieci equipaggi \u00a0paganti, l\u2019undicesima iscrizione sar\u00e0 gratuita. Da sottolineare anche il premio speciale del quale potr\u00e0 fregiarsi l\u2019equipaggio vincitore della classe pi\u00f9 numerosa. Quest\u2019ultimo potr\u00e0 scegliere tra un\u2019iscrizione gratuita al 4\u00b0 Rally Day del Piemonte, altro evento targato AEFFE Sport e Comunicazione in programma a fine ottobre, oppure all\u2019edizione 2019 del Rally dei Colli Scaligeri. Tra le tante iniziative legate all\u2019evento sportivo pregevoli i premi speciali su ciascuna delle tre speciali. Saranno infatti istituiti tre premi speciali, uno per ciascuna prova, dedicati all\u2019Associazione PIT Onlus, fondata in memoria di Pietro Casagrande, all\u2019ABAL (Associazione Bambini Autistici Lessinia) e al grande amico scomparso Giorgio Gaspari.<\/p>\n","protected":false},"excerpt":{"rendered":"","protected":false},"author":10,"featured_media":2496,"comment_status":"open","ping_status":"closed","sticky":false,"template":"","format":"standard","meta":[],"categories":[10],"tags":[],"news-destination":[],"news-source":[],"is_homepage":[],"ta_other":[],"_links":{"self":[{"href":"https:\/\/www.ilmercoledi.news\/ilmercoledi\/news\/wp-json\/wp\/v2\/posts\/2495"}],"collection":[{"href":"https:\/\/www.ilmercoledi.news\/ilmercoledi\/news\/wp-json\/wp\/v2\/posts"}],"about":[{"href":"https:\/\/www.ilmercoledi.news\/ilmercoledi\/news\/wp-json\/wp\/v2\/types\/post"}],"author":[{"embeddable":true,"href":"https:\/\/www.ilmercoledi.news\/ilmercoledi\/news\/wp-json\/wp\/v2\/users\/10"}],"replies":[{"embeddable":true,"href":"https:\/\/www.ilmercoledi.news\/ilmercoledi\/news\/wp-json\/wp\/v2\/comments?post=2495"}],"version-history":[{"count":1,"href":"https:\/\/www.ilmercoledi.news\/ilmercoledi\/news\/wp-json\/wp\/v2\/posts\/2495\/revisions"}],"predecessor-version":[{"id":2497,"href":"https:\/\/www.ilmercoledi.news\/ilmercoledi\/news\/wp-json\/wp\/v2\/posts\/2495\/revisions\/2497"}],"wp:featuredmedia":[{"embeddable":true,"href":"https:\/\/www.ilmercoledi.news\/ilmercoledi\/news\/wp-json\/wp\/v2\/media\/2496"}],"wp:attachment":[{"href":"https:\/\/www.ilmercoledi.news\/ilmercoledi\/news\/wp-json\/wp\/v2\/media?parent=2495"}],"wp:term":[{"taxonomy":"category","embeddable":true,"href":"https:\/\/www.ilmercoledi.news\/ilmercoledi\/news\/wp-json\/wp\/v2\/categories?post=2495"},{"taxonomy":"post_tag","embeddable":true,"href":"https:\/\/www.ilmercoledi.news\/ilmercoledi\/news\/wp-json\/wp\/v2\/tags?post=2495"},{"taxonomy":"news-destination","embeddable":true,"href":"https:\/\/www.ilmercoledi.news\/ilmercoledi\/news\/wp-json\/wp\/v2\/news-destination?post=2495"},{"taxonomy":"news-source","embeddable":true,"href":"https:\/\/www.ilmercoledi.news\/ilmercoledi\/news\/wp-json\/wp\/v2\/news-source?post=2495"},{"taxonomy":"is_homepage","embeddable":true,"href":"https:\/\/www.ilmercoledi.news\/ilmercoledi\/news\/wp-json\/wp\/v2\/is_homepage?post=2495"},{"taxonomy":"ta_other","embeddable":true,"href":"https:\/\/www.ilmercoledi.news\/ilmercoledi\/news\/wp-json\/wp\/v2\/ta_other?post=2495"}],"curies":[{"name":"wp","href":"https:\/\/api.w.org\/{rel}","templated":true}]}}