{"id":24985,"date":"2019-11-21T15:26:23","date_gmt":"2019-11-21T14:26:23","guid":{"rendered":"http:\/\/euwps02.tecnavia.com\/ilmercoledi\/news\/?p=24985"},"modified":"2019-11-22T14:27:25","modified_gmt":"2019-11-22T13:27:25","slug":"villastellone-domenica-24-novembre-omaggio-alla-virgo-fidelis","status":"publish","type":"post","link":"https:\/\/www.ilmercoledi.news\/2019\/11\/21\/villastellone-domenica-24-novembre-omaggio-alla-virgo-fidelis\/","title":{"rendered":"VILLASTELLONE &#8211; Domenica 24 novembre omaggio alla Virgo Fidelis"},"content":{"rendered":"<p>L&#8217;Associazione Nazionale Carabinieri in Congedo di Villastellone render\u00e0 omaggio, domenica 24, alla patrona Virgo Fidelis. Le celebrazioni termineranno presso la Chiesa Parrocchiale con il concerto della Ranabanda. In dettaglio, la giornata inizier\u00e0 alle 9,30 con l&#8217;alzabandiera in piazza della Libert\u00e0 e deposizione di una corona di fiori al monumento caduti. Alle 10 ci sar\u00e0 la Messa e alle 17 l&#8217;omaggio ai caduti di Nassiriya.<\/p>\n","protected":false},"excerpt":{"rendered":"","protected":false},"author":11,"featured_media":24986,"comment_status":"open","ping_status":"closed","sticky":false,"template":"","format":"standard","meta":[],"categories":[34],"tags":[],"news-destination":[],"news-source":[],"is_homepage":[],"ta_other":[],"_links":{"self":[{"href":"https:\/\/www.ilmercoledi.news\/ilmercoledi\/news\/wp-json\/wp\/v2\/posts\/24985"}],"collection":[{"href":"https:\/\/www.ilmercoledi.news\/ilmercoledi\/news\/wp-json\/wp\/v2\/posts"}],"about":[{"href":"https:\/\/www.ilmercoledi.news\/ilmercoledi\/news\/wp-json\/wp\/v2\/types\/post"}],"author":[{"embeddable":true,"href":"https:\/\/www.ilmercoledi.news\/ilmercoledi\/news\/wp-json\/wp\/v2\/users\/11"}],"replies":[{"embeddable":true,"href":"https:\/\/www.ilmercoledi.news\/ilmercoledi\/news\/wp-json\/wp\/v2\/comments?post=24985"}],"version-history":[{"count":1,"href":"https:\/\/www.ilmercoledi.news\/ilmercoledi\/news\/wp-json\/wp\/v2\/posts\/24985\/revisions"}],"predecessor-version":[{"id":24987,"href":"https:\/\/www.ilmercoledi.news\/ilmercoledi\/news\/wp-json\/wp\/v2\/posts\/24985\/revisions\/24987"}],"wp:featuredmedia":[{"embeddable":true,"href":"https:\/\/www.ilmercoledi.news\/ilmercoledi\/news\/wp-json\/wp\/v2\/media\/24986"}],"wp:attachment":[{"href":"https:\/\/www.ilmercoledi.news\/ilmercoledi\/news\/wp-json\/wp\/v2\/media?parent=24985"}],"wp:term":[{"taxonomy":"category","embeddable":true,"href":"https:\/\/www.ilmercoledi.news\/ilmercoledi\/news\/wp-json\/wp\/v2\/categories?post=24985"},{"taxonomy":"post_tag","embeddable":true,"href":"https:\/\/www.ilmercoledi.news\/ilmercoledi\/news\/wp-json\/wp\/v2\/tags?post=24985"},{"taxonomy":"news-destination","embeddable":true,"href":"https:\/\/www.ilmercoledi.news\/ilmercoledi\/news\/wp-json\/wp\/v2\/news-destination?post=24985"},{"taxonomy":"news-source","embeddable":true,"href":"https:\/\/www.ilmercoledi.news\/ilmercoledi\/news\/wp-json\/wp\/v2\/news-source?post=24985"},{"taxonomy":"is_homepage","embeddable":true,"href":"https:\/\/www.ilmercoledi.news\/ilmercoledi\/news\/wp-json\/wp\/v2\/is_homepage?post=24985"},{"taxonomy":"ta_other","embeddable":true,"href":"https:\/\/www.ilmercoledi.news\/ilmercoledi\/news\/wp-json\/wp\/v2\/ta_other?post=24985"}],"curies":[{"name":"wp","href":"https:\/\/api.w.org\/{rel}","templated":true}]}}