{"id":2501,"date":"2018-02-12T16:17:25","date_gmt":"2018-02-12T15:17:25","guid":{"rendered":"http:\/\/euwps02.tecnavia.com\/ilmercoledi\/news\/?p=2501"},"modified":"2018-02-12T16:17:26","modified_gmt":"2018-02-12T15:17:26","slug":"bocce-elisa-bongioanni-protagonista-della-serie-volo-le-ragazze-del-carcare","status":"publish","type":"post","link":"https:\/\/www.ilmercoledi.news\/2018\/02\/12\/bocce-elisa-bongioanni-protagonista-della-serie-volo-le-ragazze-del-carcare\/","title":{"rendered":"Bocce: Elisa Bongioanni protagonista della Serie A Volo con le ragazze del Carcare"},"content":{"rendered":"<p>CARMAGNOLA &#8211; Fermi per riposo i maschietti della Serie A Volo l\u2019attenzione \u00e8 tutta concentrata sulle donzelle, che nel fine settimana trascorso hanno disputato la loro 13a giornata. Sempre in vista La Boccia Carcare forte della carmagnolese Luisa Bongioanni, il team infatti mantiene la posizione di testa ora con 17 punti all\u2019attivo dopo aver fermato, sul 18 a 2, le malcapitate dell\u2019Auxilium. Le ragazze torneranno in campo domenica 25 febbraio, la sezione maschile invece riprender\u00e0 domenica 17. La Brb Ivrea, che schiera il santenese Daniele Grosso, affronter\u00e0 i biellesi del Gaglianico, La Perosina invece, in cui milita il moncalierese Alessandro Longo, affronter\u00e0 il match con gli ossolani del Masera.<\/p>\n","protected":false},"excerpt":{"rendered":"","protected":false},"author":10,"featured_media":2502,"comment_status":"open","ping_status":"closed","sticky":false,"template":"","format":"standard","meta":[],"categories":[10],"tags":[],"news-destination":[],"news-source":[],"is_homepage":[],"ta_other":[],"_links":{"self":[{"href":"https:\/\/www.ilmercoledi.news\/ilmercoledi\/news\/wp-json\/wp\/v2\/posts\/2501"}],"collection":[{"href":"https:\/\/www.ilmercoledi.news\/ilmercoledi\/news\/wp-json\/wp\/v2\/posts"}],"about":[{"href":"https:\/\/www.ilmercoledi.news\/ilmercoledi\/news\/wp-json\/wp\/v2\/types\/post"}],"author":[{"embeddable":true,"href":"https:\/\/www.ilmercoledi.news\/ilmercoledi\/news\/wp-json\/wp\/v2\/users\/10"}],"replies":[{"embeddable":true,"href":"https:\/\/www.ilmercoledi.news\/ilmercoledi\/news\/wp-json\/wp\/v2\/comments?post=2501"}],"version-history":[{"count":1,"href":"https:\/\/www.ilmercoledi.news\/ilmercoledi\/news\/wp-json\/wp\/v2\/posts\/2501\/revisions"}],"predecessor-version":[{"id":2503,"href":"https:\/\/www.ilmercoledi.news\/ilmercoledi\/news\/wp-json\/wp\/v2\/posts\/2501\/revisions\/2503"}],"wp:featuredmedia":[{"embeddable":true,"href":"https:\/\/www.ilmercoledi.news\/ilmercoledi\/news\/wp-json\/wp\/v2\/media\/2502"}],"wp:attachment":[{"href":"https:\/\/www.ilmercoledi.news\/ilmercoledi\/news\/wp-json\/wp\/v2\/media?parent=2501"}],"wp:term":[{"taxonomy":"category","embeddable":true,"href":"https:\/\/www.ilmercoledi.news\/ilmercoledi\/news\/wp-json\/wp\/v2\/categories?post=2501"},{"taxonomy":"post_tag","embeddable":true,"href":"https:\/\/www.ilmercoledi.news\/ilmercoledi\/news\/wp-json\/wp\/v2\/tags?post=2501"},{"taxonomy":"news-destination","embeddable":true,"href":"https:\/\/www.ilmercoledi.news\/ilmercoledi\/news\/wp-json\/wp\/v2\/news-destination?post=2501"},{"taxonomy":"news-source","embeddable":true,"href":"https:\/\/www.ilmercoledi.news\/ilmercoledi\/news\/wp-json\/wp\/v2\/news-source?post=2501"},{"taxonomy":"is_homepage","embeddable":true,"href":"https:\/\/www.ilmercoledi.news\/ilmercoledi\/news\/wp-json\/wp\/v2\/is_homepage?post=2501"},{"taxonomy":"ta_other","embeddable":true,"href":"https:\/\/www.ilmercoledi.news\/ilmercoledi\/news\/wp-json\/wp\/v2\/ta_other?post=2501"}],"curies":[{"name":"wp","href":"https:\/\/api.w.org\/{rel}","templated":true}]}}