{"id":25109,"date":"2019-11-25T17:43:46","date_gmt":"2019-11-25T16:43:46","guid":{"rendered":"http:\/\/euwps02.tecnavia.com\/ilmercoledi\/news\/?p=25109"},"modified":"2019-11-26T08:00:12","modified_gmt":"2019-11-26T07:00:12","slug":"nichelino-ciclo-di-incontri-sui-temi-legati-alla-lotta-alle-mafie","status":"publish","type":"post","link":"https:\/\/www.ilmercoledi.news\/2019\/11\/25\/nichelino-ciclo-di-incontri-sui-temi-legati-alla-lotta-alle-mafie\/","title":{"rendered":"NICHELINO &#8211; Ciclo di incontri sui temi legati alla lotta alle mafie"},"content":{"rendered":"<p>In occasione della giornata della Memoria e dell&#8217;Impegno in ricordo delle vittime innocenti delle mafie verranno organizzati degli incontri presso la &#8220;Casa dei Diritti&#8221; &#8211; Bene confiscato alla &#8216;Ndrangheta, Largo delle Alpi 3\/b, Nichelino. I temi tratteranno di legalit\u00e0 e sono realizzati in collaborazione con l&#8217;associazione Libera e la Citt\u00e0 di Nichelino. Ecco il calendario degli appuntamenti:- Marted\u00ec 27\/11, ore 20.30 &#8220;La Casa dei Diritti e i beni confiscati: le mafie a Nichelino&#8221;.- Marted\u00ec 17\/12, ore 20.30 &#8220;Il caporalato in Piemonte: il caso Saluzzo&#8221;.- Venerd\u00ec 17\/01, ore 20.30 &#8220;L&#8217;antimafia a scuola&#8221;. L&#8217;ingresso \u00e8 libero.<\/p>\n","protected":false},"excerpt":{"rendered":"","protected":false},"author":11,"featured_media":4356,"comment_status":"open","ping_status":"closed","sticky":false,"template":"","format":"standard","meta":[],"categories":[34],"tags":[],"news-destination":[],"news-source":[],"is_homepage":[],"ta_other":[],"_links":{"self":[{"href":"https:\/\/www.ilmercoledi.news\/ilmercoledi\/news\/wp-json\/wp\/v2\/posts\/25109"}],"collection":[{"href":"https:\/\/www.ilmercoledi.news\/ilmercoledi\/news\/wp-json\/wp\/v2\/posts"}],"about":[{"href":"https:\/\/www.ilmercoledi.news\/ilmercoledi\/news\/wp-json\/wp\/v2\/types\/post"}],"author":[{"embeddable":true,"href":"https:\/\/www.ilmercoledi.news\/ilmercoledi\/news\/wp-json\/wp\/v2\/users\/11"}],"replies":[{"embeddable":true,"href":"https:\/\/www.ilmercoledi.news\/ilmercoledi\/news\/wp-json\/wp\/v2\/comments?post=25109"}],"version-history":[{"count":1,"href":"https:\/\/www.ilmercoledi.news\/ilmercoledi\/news\/wp-json\/wp\/v2\/posts\/25109\/revisions"}],"predecessor-version":[{"id":25110,"href":"https:\/\/www.ilmercoledi.news\/ilmercoledi\/news\/wp-json\/wp\/v2\/posts\/25109\/revisions\/25110"}],"wp:featuredmedia":[{"embeddable":true,"href":"https:\/\/www.ilmercoledi.news\/ilmercoledi\/news\/wp-json\/wp\/v2\/media\/4356"}],"wp:attachment":[{"href":"https:\/\/www.ilmercoledi.news\/ilmercoledi\/news\/wp-json\/wp\/v2\/media?parent=25109"}],"wp:term":[{"taxonomy":"category","embeddable":true,"href":"https:\/\/www.ilmercoledi.news\/ilmercoledi\/news\/wp-json\/wp\/v2\/categories?post=25109"},{"taxonomy":"post_tag","embeddable":true,"href":"https:\/\/www.ilmercoledi.news\/ilmercoledi\/news\/wp-json\/wp\/v2\/tags?post=25109"},{"taxonomy":"news-destination","embeddable":true,"href":"https:\/\/www.ilmercoledi.news\/ilmercoledi\/news\/wp-json\/wp\/v2\/news-destination?post=25109"},{"taxonomy":"news-source","embeddable":true,"href":"https:\/\/www.ilmercoledi.news\/ilmercoledi\/news\/wp-json\/wp\/v2\/news-source?post=25109"},{"taxonomy":"is_homepage","embeddable":true,"href":"https:\/\/www.ilmercoledi.news\/ilmercoledi\/news\/wp-json\/wp\/v2\/is_homepage?post=25109"},{"taxonomy":"ta_other","embeddable":true,"href":"https:\/\/www.ilmercoledi.news\/ilmercoledi\/news\/wp-json\/wp\/v2\/ta_other?post=25109"}],"curies":[{"name":"wp","href":"https:\/\/api.w.org\/{rel}","templated":true}]}}