{"id":25382,"date":"2019-12-04T15:06:05","date_gmt":"2019-12-04T14:06:05","guid":{"rendered":"http:\/\/euwps02.tecnavia.com\/ilmercoledi\/news\/?p=25382"},"modified":"2019-12-04T15:06:09","modified_gmt":"2019-12-04T14:06:09","slug":"maltempo-la-regione-da-piu-potere-ai-sindaci-in-caso-di-situazioni-di-rischio-dei-fiumi","status":"publish","type":"post","link":"https:\/\/www.ilmercoledi.news\/2019\/12\/04\/maltempo-la-regione-da-piu-potere-ai-sindaci-in-caso-di-situazioni-di-rischio-dei-fiumi\/","title":{"rendered":"MALTEMPO &#8211; La Regione d\u00e0 pi\u00f9 potere ai sindaci in caso di situazioni di rischio dei fiumi"},"content":{"rendered":"<p>La Regione punta ad una gestione locale pi\u00f9 autonoma negli interventi utili a diminuire il rischio idrogeologico dei territori. La delibera presentata dall\u2019assessore alla Protezione Civile della Regione Piemonte Marco Gabusi e approvata oggi, 4 dicembre, dalla Giunta stabilisce infatti che ogni qualvolta vi sia una dichiarazione dello stato di emergenza per eventi meteorologici che coinvolgono i corsi d\u2019acqua gli amministratori possano rimuovere il materiale legnoso divelto che crea ostacoli e le piante instabili lungo i corsi d\u2019acqua demaniali e della Provincia. Nelle aree per le quali sia stato dichiarato lo stato di emergenza questi interventi sono inoltre ritenuti prioritari nella programmazione delle attivit\u00e0 delle squadre di operai forestali regionali.<\/p>\n<p>\u00abLa delibera \u2013 commenta l\u2019assessore Gabusi \u2013 prende le mosse dall\u2019alluvione del 19\/22 ottobre nelle province di Alessandria e Asti: l\u2019ennesimo episodio di forzata immobilit\u00e0 degli enti locali per le manutenzioni e gli interventi di pulizia dei fiumi. Siamo finalmente riusciti a demandare al Settore Tecnico regionale di Alessandria ed Asti la rimozione dei tronchi e dei rami divelti dall\u2019alluvione e delle piante compromesse lungo fiumi e torrenti. Considerato che la situazione climatica attuale determina eventi meteorologici critici che necessitano di agire con tempestivit\u00e0, riteniamo che l\u2019autorizzazione agli interventi possa essere applicato ogni qualvolta vi sia una dichiarazione dello stato di emergenza. Grazie alla vicinanza al territorio dei settori tecnici regionali locali l\u2019iter diventa estremamente rapido e fluido e i Sindaci possono lavorare in serenit\u00e0 per la tutela delle comunit\u00e0 e delle attivit\u00e0\u00bb.<\/p>\n","protected":false},"excerpt":{"rendered":"","protected":false},"author":11,"featured_media":25011,"comment_status":"open","ping_status":"closed","sticky":false,"template":"","format":"standard","meta":[],"categories":[252],"tags":[],"news-destination":[],"news-source":[],"is_homepage":[],"ta_other":[],"_links":{"self":[{"href":"https:\/\/www.ilmercoledi.news\/ilmercoledi\/news\/wp-json\/wp\/v2\/posts\/25382"}],"collection":[{"href":"https:\/\/www.ilmercoledi.news\/ilmercoledi\/news\/wp-json\/wp\/v2\/posts"}],"about":[{"href":"https:\/\/www.ilmercoledi.news\/ilmercoledi\/news\/wp-json\/wp\/v2\/types\/post"}],"author":[{"embeddable":true,"href":"https:\/\/www.ilmercoledi.news\/ilmercoledi\/news\/wp-json\/wp\/v2\/users\/11"}],"replies":[{"embeddable":true,"href":"https:\/\/www.ilmercoledi.news\/ilmercoledi\/news\/wp-json\/wp\/v2\/comments?post=25382"}],"version-history":[{"count":1,"href":"https:\/\/www.ilmercoledi.news\/ilmercoledi\/news\/wp-json\/wp\/v2\/posts\/25382\/revisions"}],"predecessor-version":[{"id":25383,"href":"https:\/\/www.ilmercoledi.news\/ilmercoledi\/news\/wp-json\/wp\/v2\/posts\/25382\/revisions\/25383"}],"wp:featuredmedia":[{"embeddable":true,"href":"https:\/\/www.ilmercoledi.news\/ilmercoledi\/news\/wp-json\/wp\/v2\/media\/25011"}],"wp:attachment":[{"href":"https:\/\/www.ilmercoledi.news\/ilmercoledi\/news\/wp-json\/wp\/v2\/media?parent=25382"}],"wp:term":[{"taxonomy":"category","embeddable":true,"href":"https:\/\/www.ilmercoledi.news\/ilmercoledi\/news\/wp-json\/wp\/v2\/categories?post=25382"},{"taxonomy":"post_tag","embeddable":true,"href":"https:\/\/www.ilmercoledi.news\/ilmercoledi\/news\/wp-json\/wp\/v2\/tags?post=25382"},{"taxonomy":"news-destination","embeddable":true,"href":"https:\/\/www.ilmercoledi.news\/ilmercoledi\/news\/wp-json\/wp\/v2\/news-destination?post=25382"},{"taxonomy":"news-source","embeddable":true,"href":"https:\/\/www.ilmercoledi.news\/ilmercoledi\/news\/wp-json\/wp\/v2\/news-source?post=25382"},{"taxonomy":"is_homepage","embeddable":true,"href":"https:\/\/www.ilmercoledi.news\/ilmercoledi\/news\/wp-json\/wp\/v2\/is_homepage?post=25382"},{"taxonomy":"ta_other","embeddable":true,"href":"https:\/\/www.ilmercoledi.news\/ilmercoledi\/news\/wp-json\/wp\/v2\/ta_other?post=25382"}],"curies":[{"name":"wp","href":"https:\/\/api.w.org\/{rel}","templated":true}]}}