{"id":25409,"date":"2019-12-04T22:38:38","date_gmt":"2019-12-04T21:38:38","guid":{"rendered":"http:\/\/euwps02.tecnavia.com\/ilmercoledi\/news\/?p=25409"},"modified":"2019-12-04T22:38:41","modified_gmt":"2019-12-04T21:38:41","slug":"italia-subito-da-urlo-agli-europei-in-vasca-corta-a-glasgow-e-ce-tanta-moncalieri","status":"publish","type":"post","link":"https:\/\/www.ilmercoledi.news\/2019\/12\/04\/italia-subito-da-urlo-agli-europei-in-vasca-corta-a-glasgow-e-ce-tanta-moncalieri\/","title":{"rendered":"Italia subito da urlo agli Europei in vasca corta a Glasgow, e c&#8217;\u00e8 tanta Moncalieri"},"content":{"rendered":"<p>Tollcross International Swimming Centre di Glasgow che si colora subito di un azzurro splendente nella giornata di apertura dei Campionati Europei di Nuoto in vasca corta. Nella prima giornata di gare, infatti, gli atleti italiani sbancano mettendo insieme un podio quasi completo con tanto di nuovo record del mondo nei 50 rana femminile e quattro medaglie di bronzo, il tutto in un perfetto equilibrio tra donne e uomini.<\/p>\n<p>Focus obbligato quello sui 50 rana, dominati dall&#8217;astro ormai consolidato di Benedetta Pilato, per tutti Benny, con un 29&#8217;32&#8221; che non rappresenta solo il suo nuovo personal best ma anche il nuovo primato italiano ed il record del Mondo per la categoria Juniores.<\/p>\n<p><em>&#8220;\u201cSono felicissima\u00a0<\/em>&#8211; ha commentato ancora incredula al termine della gara che ha visto alle sue spalle Martina Carraro aggiudicarsi l&#8217;argento &#8211;<em>.\u00a0Oggi ero pi\u00f9 tesa della finale mondiale di Gwangju. Il pianto finale \u00e8 lo sfogo per aver raggiunto finalmente il gradino pi\u00f9 alto del podio. C\u2019erano tante aspettative alla vigilia e questo un po\u2019 ha pesato psicologicamente. Ora cercher\u00f2 di divertirmi di pi\u00f9\u201d.<\/em><\/p>\n<p>Soddisfatta anche Martina, finalmente sul podio anche individualmente con un crono di 29&#8243;60 vicinissimo al proprio personale (29&#8243;53) gi\u00e0 avvicinato in semifinale con un tempo anche migliore delle ultime due decisive vasche (29&#8243;57).<\/p>\n<p>La loro prova ha fatto passare quasi in secondo piano l&#8217;ottimo avvio degli azzurri che avevano gi\u00e0 visto sul podio continentale Ilaria Cusinato e Gabriele Detti, entrambi con la medaglia di bronzo al collo nei rispettivamente nei 400 misti e nei 400 stile, ma ha avuto come corollario altre due prestazioni da podio, entrambe made in Moncalieri.<\/p>\n<p>A centrarle Fabio Scozzoli &#8211; i cui natali sono proprio della citt\u00e0 del Trattato a due passi da Torino &#8211; nei 50 rana ed il quartetto della 4x5o stile aperta da\u00a0Federico Bocchia\u00a0(21\u203341)<strong>,<\/strong>\u00a0proseguita da\u00a0Marco Orsi\u00a0(21\u203313) e\u00a0Giovanni Izzo\u00a0(21\u203332) e chiusa dallo\u00a0spilungone moncalierese\u00a0Alessandro Miressi<b> <\/b>con un ottimo\u00a020\u203364\u00a0per il crono finale di\u00a01\u201924\u203350 che li pone alle spalle della Russia (1&#8217;22&#8243;92) e della Polonia (1&#8217;23&#8243;74). Curioso sottolineare come proprio al Tollcross International Swimming Centre lo scorso anno Alessandro si laure\u00f2 campione europeo nei 100 stile libero in vasca lunga, un obiettivo che il nostro cercher\u00e0 di bissare anche in questa occasione.<\/p>\n<p><em>\u201cUno dei miei migliori 50<\/em>\u00a0&#8211; le sue parole al termine &#8211;<em>. Questo \u00e8 un anno importante per me ed \u00e8 partito proprio nel migliore dei modi\u201d.<\/em><\/p>\n<p>Gioved\u00ec seconda delle cinque giornate di gare con consueto programma che vede eliminatorie al mattino (diretta su Rai Sport a partire dalle 10.30) e finali il pomeriggio (dalle 17).<\/p>\n<p>(credit foto, pagina facebook Miressi)<\/p>\n","protected":false},"excerpt":{"rendered":"","protected":false},"author":9,"featured_media":25412,"comment_status":"open","ping_status":"closed","sticky":false,"template":"","format":"standard","meta":[],"categories":[10],"tags":[],"news-destination":[],"news-source":[],"is_homepage":[],"ta_other":[],"_links":{"self":[{"href":"https:\/\/www.ilmercoledi.news\/ilmercoledi\/news\/wp-json\/wp\/v2\/posts\/25409"}],"collection":[{"href":"https:\/\/www.ilmercoledi.news\/ilmercoledi\/news\/wp-json\/wp\/v2\/posts"}],"about":[{"href":"https:\/\/www.ilmercoledi.news\/ilmercoledi\/news\/wp-json\/wp\/v2\/types\/post"}],"author":[{"embeddable":true,"href":"https:\/\/www.ilmercoledi.news\/ilmercoledi\/news\/wp-json\/wp\/v2\/users\/9"}],"replies":[{"embeddable":true,"href":"https:\/\/www.ilmercoledi.news\/ilmercoledi\/news\/wp-json\/wp\/v2\/comments?post=25409"}],"version-history":[{"count":3,"href":"https:\/\/www.ilmercoledi.news\/ilmercoledi\/news\/wp-json\/wp\/v2\/posts\/25409\/revisions"}],"predecessor-version":[{"id":25413,"href":"https:\/\/www.ilmercoledi.news\/ilmercoledi\/news\/wp-json\/wp\/v2\/posts\/25409\/revisions\/25413"}],"wp:featuredmedia":[{"embeddable":true,"href":"https:\/\/www.ilmercoledi.news\/ilmercoledi\/news\/wp-json\/wp\/v2\/media\/25412"}],"wp:attachment":[{"href":"https:\/\/www.ilmercoledi.news\/ilmercoledi\/news\/wp-json\/wp\/v2\/media?parent=25409"}],"wp:term":[{"taxonomy":"category","embeddable":true,"href":"https:\/\/www.ilmercoledi.news\/ilmercoledi\/news\/wp-json\/wp\/v2\/categories?post=25409"},{"taxonomy":"post_tag","embeddable":true,"href":"https:\/\/www.ilmercoledi.news\/ilmercoledi\/news\/wp-json\/wp\/v2\/tags?post=25409"},{"taxonomy":"news-destination","embeddable":true,"href":"https:\/\/www.ilmercoledi.news\/ilmercoledi\/news\/wp-json\/wp\/v2\/news-destination?post=25409"},{"taxonomy":"news-source","embeddable":true,"href":"https:\/\/www.ilmercoledi.news\/ilmercoledi\/news\/wp-json\/wp\/v2\/news-source?post=25409"},{"taxonomy":"is_homepage","embeddable":true,"href":"https:\/\/www.ilmercoledi.news\/ilmercoledi\/news\/wp-json\/wp\/v2\/is_homepage?post=25409"},{"taxonomy":"ta_other","embeddable":true,"href":"https:\/\/www.ilmercoledi.news\/ilmercoledi\/news\/wp-json\/wp\/v2\/ta_other?post=25409"}],"curies":[{"name":"wp","href":"https:\/\/api.w.org\/{rel}","templated":true}]}}