{"id":25458,"date":"2019-12-07T15:32:54","date_gmt":"2019-12-07T14:32:54","guid":{"rendered":"http:\/\/euwps02.tecnavia.com\/ilmercoledi\/news\/?p=25458"},"modified":"2019-12-07T15:39:18","modified_gmt":"2019-12-07T14:39:18","slug":"i","status":"publish","type":"post","link":"https:\/\/www.ilmercoledi.news\/2019\/12\/07\/i\/","title":{"rendered":"&#8220;Il discorso delle stelle&#8221;: guerra, amore e astronomia uniti in una storia mozzafiato"},"content":{"rendered":"<p dir=\"ltr\">Le stelle ci parlano. Ci narrano dei misteri dello spazio e ci indicano la strada da seguire. Qualche volta riusciamo perfino a seguirla. \u00c8 affascinante l&#8217;ultimo romanzo di Antonio Rubino,<strong> &#8220;Il discorso delle stelle&#8221;<\/strong> (ed. Emersioni), che parla di una guerra, di un amore e del cielo stellato.<strong> La guerra<\/strong> \u00e8 quella civile siriana, nelle cui pieghe serpeggia il terrorismo internazionale. \u00c8 l\u00ec che nasce l&#8217;amore <strong>l&#8217;amore<\/strong> tra un ragazzo italiano e una ragazza siriana, &#8220;tra due esistenze &#8211; racconta l&#8217;autore <strong>Antonio Rubino<\/strong> &#8211; con problemi molto diversi; tra chi \u00e8 alle prese con il mondo produttivo del benessere, comodo, veloce e spietato, e chi si confronta quotidianamente con la violenza e la morte. \u00c8 lo scontro tra <strong>due culture e visioni del mondo <\/strong>differenti, una storia di amicizia tra popoli, di guerra, che prende una piega del tutto inattesa in uno spettacolare finale. Le vite dei personaggi, movimentate e avventurose, traversate da continui pericoli, sono assimilate ai movimenti degli astri&#8221;. Nel romanzo, ogni capitolo \u00e8 introdotto da una breve ma affascinante riflessione sulle <strong>leggi che governano le stelle<\/strong> e gli uomini. E sul loro effetto nella vita dei protagonisti, mettendoli alla prova e cambiandoli per sempre.<\/p>\n","protected":false},"excerpt":{"rendered":"","protected":false},"author":4,"featured_media":25459,"comment_status":"open","ping_status":"closed","sticky":false,"template":"","format":"standard","meta":[],"categories":[9],"tags":[183],"news-destination":[],"news-source":[],"is_homepage":[],"ta_other":[],"_links":{"self":[{"href":"https:\/\/www.ilmercoledi.news\/ilmercoledi\/news\/wp-json\/wp\/v2\/posts\/25458"}],"collection":[{"href":"https:\/\/www.ilmercoledi.news\/ilmercoledi\/news\/wp-json\/wp\/v2\/posts"}],"about":[{"href":"https:\/\/www.ilmercoledi.news\/ilmercoledi\/news\/wp-json\/wp\/v2\/types\/post"}],"author":[{"embeddable":true,"href":"https:\/\/www.ilmercoledi.news\/ilmercoledi\/news\/wp-json\/wp\/v2\/users\/4"}],"replies":[{"embeddable":true,"href":"https:\/\/www.ilmercoledi.news\/ilmercoledi\/news\/wp-json\/wp\/v2\/comments?post=25458"}],"version-history":[{"count":3,"href":"https:\/\/www.ilmercoledi.news\/ilmercoledi\/news\/wp-json\/wp\/v2\/posts\/25458\/revisions"}],"predecessor-version":[{"id":25462,"href":"https:\/\/www.ilmercoledi.news\/ilmercoledi\/news\/wp-json\/wp\/v2\/posts\/25458\/revisions\/25462"}],"wp:featuredmedia":[{"embeddable":true,"href":"https:\/\/www.ilmercoledi.news\/ilmercoledi\/news\/wp-json\/wp\/v2\/media\/25459"}],"wp:attachment":[{"href":"https:\/\/www.ilmercoledi.news\/ilmercoledi\/news\/wp-json\/wp\/v2\/media?parent=25458"}],"wp:term":[{"taxonomy":"category","embeddable":true,"href":"https:\/\/www.ilmercoledi.news\/ilmercoledi\/news\/wp-json\/wp\/v2\/categories?post=25458"},{"taxonomy":"post_tag","embeddable":true,"href":"https:\/\/www.ilmercoledi.news\/ilmercoledi\/news\/wp-json\/wp\/v2\/tags?post=25458"},{"taxonomy":"news-destination","embeddable":true,"href":"https:\/\/www.ilmercoledi.news\/ilmercoledi\/news\/wp-json\/wp\/v2\/news-destination?post=25458"},{"taxonomy":"news-source","embeddable":true,"href":"https:\/\/www.ilmercoledi.news\/ilmercoledi\/news\/wp-json\/wp\/v2\/news-source?post=25458"},{"taxonomy":"is_homepage","embeddable":true,"href":"https:\/\/www.ilmercoledi.news\/ilmercoledi\/news\/wp-json\/wp\/v2\/is_homepage?post=25458"},{"taxonomy":"ta_other","embeddable":true,"href":"https:\/\/www.ilmercoledi.news\/ilmercoledi\/news\/wp-json\/wp\/v2\/ta_other?post=25458"}],"curies":[{"name":"wp","href":"https:\/\/api.w.org\/{rel}","templated":true}]}}