{"id":25473,"date":"2019-12-09T00:38:44","date_gmt":"2019-12-08T23:38:44","guid":{"rendered":"http:\/\/euwps02.tecnavia.com\/ilmercoledi\/news\/?p=25473"},"modified":"2019-12-09T00:38:47","modified_gmt":"2019-12-08T23:38:47","slug":"italia-da-record-a-glasgow-miressi-argento-nei-100-stile-con-il-nuovo-record-italiano","status":"publish","type":"post","link":"https:\/\/www.ilmercoledi.news\/2019\/12\/09\/italia-da-record-a-glasgow-miressi-argento-nei-100-stile-con-il-nuovo-record-italiano\/","title":{"rendered":"Italia da record a Glasgow, Miressi argento nei 100 stile con il nuovo record italiano"},"content":{"rendered":"<p>Sei titoli continentali, altre 14 medaglie, un nuovo record del mondo, sei nuovi record italiani e ben 47 nuovi primati personali. Senza dimenticare che tutto ci\u00f2 \u00e8 valso, per la terza volta consecutiva, il titolo per nazioni\u00a0con lo storico record di 1186 punti davanti a Russia (1046) e Gran Bretagna (793).<\/p>\n<p>In sintesi questo il resoconto dei Campionati Europei di nuoto in vasca corta disputati a Glasgow da una squadra azzurra partita s\u00ec con grandi aspettative ma andata probabilmente oltre anche alle pi\u00f9 rosee previsioni.<\/p>\n<p><em>&#8220;Siamo orgogliosi di aver ottenuto questi risultati che sono il frutto del lavoro degli atleti, della professionalit\u00e0 e preparazione dei tecnici, delle sinergie poste in essere con le societ\u00e0 e della pianificazione federale<\/em> &#8211; ha commentato il presidente della Fin Paolo Barelli &#8211;<em>. Questi risultati danno seguito al positivo trend della nazionale che dura ormai da parecchi anni e che \u00e8 sempre pi\u00f9 difficile confermare per l&#8217;innalzarsi del livello prestativo europeo e mondiale. Ora gli atleti sono attesi dagli Assoluti Invernali attraverso cui potranno gi\u00e0 cominciare a qualificarsi alle Olimpiadi e porre dei riferimenti per la stagione in vasca lunga che sar\u00e0 difficile, probante fino ai Giochi di Tokyo e piena di appuntamenti importanti&#8221;<\/em>.<\/p>\n<p><em>&#8220;Il successo nella classifica per nazioni ci rende orgogliosi<\/em> &#8211; gli fa eco il ct Cesare Butini &#8211;<em>. Le 20 medaglie e i 47 primati personali dimostrano la qualit\u00e0 delle prestazioni degli azzurri. Devo fare un elogio a tutte le componenti della nazionale e alle societ\u00e0 perch\u00e9 stanno compiendo un ottimo lavoro. Il cammino \u00e8 ancora lungo poich\u00e9 ci aspettano sette mesi impegnativi fino alle Olimpiadi di Tokyo, ma la direzione \u00e8 quella giusta. Il clima nella squadra \u00e8 ottimo e ci\u00f2 aiuta a ottenere grandi risultati. Ci sono tutti i presupposti per migliorare ancora. Adesso si pensa agli assoluti di Riccione: prima che chance per conquistare il pass olimpico&#8221;<\/em>.<\/p>\n<p>Domenica, l&#8217;ultima giornata di gare, ha portato in dote il primo successo azzurro nei 400 stile libero femminile grazie a Simona Quadarella; le medaglie d&#8217;argento di Elena Di Liddo, Alessandro Miressi e della staffetta 4&#215;50 mista femminile; ed il bronzo nei 200 rana di Martina Carraro che realizza cos\u00ec il suo personalissimo triplete.<\/p>\n<p>Per quanto concerne gli atleti piemontesi, in particolare di Moncalieri, si ferma invece al \u00abdoblete\u00bb Alessandro Miressi, di bronzo con la staffetta 4&#215;50 stile il primo giorno quindi d&#8217;argento oggi nei 100 stile libero con il nuovo record italiano dopo aver concluso al sesto posto i 50 stile.\u00a0Manca quindi il titolo europeo (andato al siluro russo Vladimir Morozov in 45&#8217;53&#8221;) ma ci\u00f2 non toglie il sorriso al lungagnone del Centro Nuoto Torino e delle Fiamme Oro che con il 45&#8243;90 realizzato al Tollcross International Swimming Centre diventa il primo italiano ad abbattere il muro dei 46&#8243;.<\/p>\n<p><em>&#8220;A quanto pare Glasgow mi porta fortuna<\/em> &#8211; ha dichiarato sorridente l&#8217;allievo di Antonio Satta che dodici mesi fa nello stesso impianto si era laureato campione europeo in vasca lunga &#8211; <em>sui 50 non mi sarei mai aspettato il personale di 21&#8243;18 da cui ho costruito questo cento. Forse ho perso qualcosina nella prima virata, ma credo di aver raggiunto il massimo possibile&#8221;<\/em>.<\/p>\n","protected":false},"excerpt":{"rendered":"","protected":false},"author":9,"featured_media":25474,"comment_status":"open","ping_status":"closed","sticky":false,"template":"","format":"standard","meta":[],"categories":[8],"tags":[],"news-destination":[],"news-source":[],"is_homepage":[],"ta_other":[],"_links":{"self":[{"href":"https:\/\/www.ilmercoledi.news\/ilmercoledi\/news\/wp-json\/wp\/v2\/posts\/25473"}],"collection":[{"href":"https:\/\/www.ilmercoledi.news\/ilmercoledi\/news\/wp-json\/wp\/v2\/posts"}],"about":[{"href":"https:\/\/www.ilmercoledi.news\/ilmercoledi\/news\/wp-json\/wp\/v2\/types\/post"}],"author":[{"embeddable":true,"href":"https:\/\/www.ilmercoledi.news\/ilmercoledi\/news\/wp-json\/wp\/v2\/users\/9"}],"replies":[{"embeddable":true,"href":"https:\/\/www.ilmercoledi.news\/ilmercoledi\/news\/wp-json\/wp\/v2\/comments?post=25473"}],"version-history":[{"count":3,"href":"https:\/\/www.ilmercoledi.news\/ilmercoledi\/news\/wp-json\/wp\/v2\/posts\/25473\/revisions"}],"predecessor-version":[{"id":25477,"href":"https:\/\/www.ilmercoledi.news\/ilmercoledi\/news\/wp-json\/wp\/v2\/posts\/25473\/revisions\/25477"}],"wp:featuredmedia":[{"embeddable":true,"href":"https:\/\/www.ilmercoledi.news\/ilmercoledi\/news\/wp-json\/wp\/v2\/media\/25474"}],"wp:attachment":[{"href":"https:\/\/www.ilmercoledi.news\/ilmercoledi\/news\/wp-json\/wp\/v2\/media?parent=25473"}],"wp:term":[{"taxonomy":"category","embeddable":true,"href":"https:\/\/www.ilmercoledi.news\/ilmercoledi\/news\/wp-json\/wp\/v2\/categories?post=25473"},{"taxonomy":"post_tag","embeddable":true,"href":"https:\/\/www.ilmercoledi.news\/ilmercoledi\/news\/wp-json\/wp\/v2\/tags?post=25473"},{"taxonomy":"news-destination","embeddable":true,"href":"https:\/\/www.ilmercoledi.news\/ilmercoledi\/news\/wp-json\/wp\/v2\/news-destination?post=25473"},{"taxonomy":"news-source","embeddable":true,"href":"https:\/\/www.ilmercoledi.news\/ilmercoledi\/news\/wp-json\/wp\/v2\/news-source?post=25473"},{"taxonomy":"is_homepage","embeddable":true,"href":"https:\/\/www.ilmercoledi.news\/ilmercoledi\/news\/wp-json\/wp\/v2\/is_homepage?post=25473"},{"taxonomy":"ta_other","embeddable":true,"href":"https:\/\/www.ilmercoledi.news\/ilmercoledi\/news\/wp-json\/wp\/v2\/ta_other?post=25473"}],"curies":[{"name":"wp","href":"https:\/\/api.w.org\/{rel}","templated":true}]}}