{"id":25577,"date":"2019-12-10T16:32:19","date_gmt":"2019-12-10T15:32:19","guid":{"rendered":"http:\/\/euwps02.tecnavia.com\/ilmercoledi\/news\/?p=25577"},"modified":"2019-12-10T16:32:23","modified_gmt":"2019-12-10T15:32:23","slug":"vinovo-manifestazione-crocetta-piu-modifiche-alla-viabilita","status":"publish","type":"post","link":"https:\/\/www.ilmercoledi.news\/2019\/12\/10\/vinovo-manifestazione-crocetta-piu-modifiche-alla-viabilita\/","title":{"rendered":"VINOVO &#8211; Manifestazione &#8220;Crocetta pi\u00f9&#8221;, modifiche alla viabilit\u00e0"},"content":{"rendered":"<p>Per permettere lo svolgimento della manifestazione commerciale denominata &#8220;Crocetta pi\u00f9 in tour&#8221;, in data 15 dicembre a Vinovo dalle ore 7 alle 20, la viabilit\u00e0 ordinaria subir\u00e0 le diverse variazioni. Innanzitutto il divieto di transito e sosta veicolare con rimozione forzata in Piazza Rey, viale alberato, tratto compreso tra Via Stupinigi e Via Roma, Via San Bartolomeo, (da Piazza Rey a Via Cottolengo), Via Cottolengo (da Via San Desiderio a Via Mazzolari), Piazza Marconi. Ci sar\u00e0 il senso unico alternato in Piazza e Via Marconi, tratto compreso tra Via della Chiesa e Via Gioanetti, con precedenza per i veicoli con direzione Via Gioanetti verso Piazza Marconi, e limite massimo di velocit\u00e0 di 30 km\/h. Divieto di sosta e fermata con rimozione forzata in Piazza Rey limitatamente a\u00a0 tre stalli di sosta pi\u00f9 prossimi alla Via Roma, per i veicoli di soccorso ed emergenza. Il tratto di Via san Bartolomeo, compreso tra Piazza Marconi e Via Mola, deve essere lasciato libero da ingombri per la transitabilit\u00e0 dei mezzi di soccorso.<\/p>\n","protected":false},"excerpt":{"rendered":"","protected":false},"author":11,"featured_media":11058,"comment_status":"open","ping_status":"closed","sticky":false,"template":"","format":"standard","meta":[],"categories":[34],"tags":[],"news-destination":[],"news-source":[],"is_homepage":[],"ta_other":[],"_links":{"self":[{"href":"https:\/\/www.ilmercoledi.news\/ilmercoledi\/news\/wp-json\/wp\/v2\/posts\/25577"}],"collection":[{"href":"https:\/\/www.ilmercoledi.news\/ilmercoledi\/news\/wp-json\/wp\/v2\/posts"}],"about":[{"href":"https:\/\/www.ilmercoledi.news\/ilmercoledi\/news\/wp-json\/wp\/v2\/types\/post"}],"author":[{"embeddable":true,"href":"https:\/\/www.ilmercoledi.news\/ilmercoledi\/news\/wp-json\/wp\/v2\/users\/11"}],"replies":[{"embeddable":true,"href":"https:\/\/www.ilmercoledi.news\/ilmercoledi\/news\/wp-json\/wp\/v2\/comments?post=25577"}],"version-history":[{"count":1,"href":"https:\/\/www.ilmercoledi.news\/ilmercoledi\/news\/wp-json\/wp\/v2\/posts\/25577\/revisions"}],"predecessor-version":[{"id":25578,"href":"https:\/\/www.ilmercoledi.news\/ilmercoledi\/news\/wp-json\/wp\/v2\/posts\/25577\/revisions\/25578"}],"wp:featuredmedia":[{"embeddable":true,"href":"https:\/\/www.ilmercoledi.news\/ilmercoledi\/news\/wp-json\/wp\/v2\/media\/11058"}],"wp:attachment":[{"href":"https:\/\/www.ilmercoledi.news\/ilmercoledi\/news\/wp-json\/wp\/v2\/media?parent=25577"}],"wp:term":[{"taxonomy":"category","embeddable":true,"href":"https:\/\/www.ilmercoledi.news\/ilmercoledi\/news\/wp-json\/wp\/v2\/categories?post=25577"},{"taxonomy":"post_tag","embeddable":true,"href":"https:\/\/www.ilmercoledi.news\/ilmercoledi\/news\/wp-json\/wp\/v2\/tags?post=25577"},{"taxonomy":"news-destination","embeddable":true,"href":"https:\/\/www.ilmercoledi.news\/ilmercoledi\/news\/wp-json\/wp\/v2\/news-destination?post=25577"},{"taxonomy":"news-source","embeddable":true,"href":"https:\/\/www.ilmercoledi.news\/ilmercoledi\/news\/wp-json\/wp\/v2\/news-source?post=25577"},{"taxonomy":"is_homepage","embeddable":true,"href":"https:\/\/www.ilmercoledi.news\/ilmercoledi\/news\/wp-json\/wp\/v2\/is_homepage?post=25577"},{"taxonomy":"ta_other","embeddable":true,"href":"https:\/\/www.ilmercoledi.news\/ilmercoledi\/news\/wp-json\/wp\/v2\/ta_other?post=25577"}],"curies":[{"name":"wp","href":"https:\/\/api.w.org\/{rel}","templated":true}]}}