{"id":25926,"date":"2019-12-21T10:17:59","date_gmt":"2019-12-21T09:17:59","guid":{"rendered":"http:\/\/euwps02.tecnavia.com\/ilmercoledi\/news\/?p=25926"},"modified":"2019-12-21T10:18:01","modified_gmt":"2019-12-21T09:18:01","slug":"continua-a-trofarello-lo-sciopero-dei-lavoratori-di-cosmonova-venerdi-don-giovanni-di-valle-sauglio-e-andato-a-trovarli","status":"publish","type":"post","link":"https:\/\/www.ilmercoledi.news\/2019\/12\/21\/continua-a-trofarello-lo-sciopero-dei-lavoratori-di-cosmonova-venerdi-don-giovanni-di-valle-sauglio-e-andato-a-trovarli\/","title":{"rendered":"Continua a Trofarello lo sciopero dei lavoratori di Cosmonova. Venerd\u00ec don Giovanni di Valle Sauglio \u00e8 andato a trovarli"},"content":{"rendered":"<p>TROFARELLO &#8211; Lo sciopero a oltranza dei lavoratori Cosmonova continua. Ma non sono da soli.<\/p>\n<p>Ieri, venerd\u00ec 20 dicembre, il parroco di Valle Sauglio don Giovanni Viecca si \u00e8 recato insieme a un parrocchiano al presidio davanti alla sede dell\u2019azienda di prodotti per il bagno e cosmetici per conto terzi, in via Fermi. Per portare loro un po\u2019 di conforto. I titolari dell&#8217;azienda hanno portato i libri in tribunale venerd\u00ec scorso. Nel giro di una manciata di giorni, di punto in bianco, ha lasciato i suoi 47 lavoratori senza lavoro. Proprio a ridosso del Natale.<\/p>\n<p>Racconta il parrocchiano, Nino Gamba, in un post su Facebook: \u201cIeri (gioved\u00ec) sera avevo incontrato il don in Chiesa, aveva appena finito di pregare i vespri come ogni sera. Per lui, uomo di Dio, non esiste una fede che non si incarni e si impasti nella storia degli uomini. Mi guarda e mi dice \u00abdomani devo andare al presidio, da queste persone\u2026sono miei parrocchiani perch\u00e9 la fabbrica \u00e8 nella nostra parrocchia\u2026non importa se vanno o non vanno in Chiesa, sono fratelli che stanno faticando\u2026dobbiamo portare il nostro abbraccio e la nostra solidariet\u00e0\u2026perch\u00e9 non bisogna mai lasciar solo chi \u00e8 nel bisogno\u2026\u00bb.\u00a0L\u2019unica cosa che mi \u00e8 venuta da dirgli \u00e8 stata \u00abvengo con te, ti accompagno\u2026\u00bb, e cos\u00ec \u00e8 stato&#8221;.<\/p>\n<p>Prosegue: &#8220;Quando siamo arrivati queste persone, che si riparavano dalla pioggia sotto un gazebo, ci hanno accolto e ringraziato e sorriso\u2026e per un attimo ho capito di essere davanti a un presepe, un presepe in carne e ossa perch\u00e9 anche sotto quel gazebo si attende una Speranza\u2026una Speranza di Vita, di Dignit\u00e0, di Rispetto, una Speranza per Uomini e Donne che ogni essere umano merita\u2026NON LASCIAMOLI SOLI! La Cosmonova riguarda anche ognuno di noi che abita e vive in questa Comunit\u00e0\u2026.so che gi\u00e0 da pi\u00f9 parti ci si sta interessando ma il timore \u00e8 che con il periodo festivo tutto si attenui, ci si ritrovi dimenticati\u2026\u201d<\/p>\n<p>Conclude Nino: \u201cStamattina Giovanni mi ha ancora una volta fatto capire che anche se non hai nulla di concreto da poter offrire hai il dovere di Farti Prossimo e Testimoniare anche con un abbraccio che la vita degli Altri ti interessa\u2026andiamo a fare due passi gi\u00f9 ai Sabbioni, o a qualsiasi altro presidio vicino alla nostra Vita\u2026anche solo per bere un caff\u00e8 insieme, per non sentirsi soli\u2026perch\u00e9 ci \u00e8 stato insegnato\u2026 \u00abfate agli Altri quello che vorreste fatto a Voi\u00bb\u2026 e dopo, allora s\u00ec, Buon Natale a tutti\u2026\u201d<\/p>\n","protected":false},"excerpt":{"rendered":"","protected":false},"author":4,"featured_media":25927,"comment_status":"open","ping_status":"closed","sticky":false,"template":"","format":"standard","meta":[],"categories":[8],"tags":[],"news-destination":[],"news-source":[],"is_homepage":[],"ta_other":[],"_links":{"self":[{"href":"https:\/\/www.ilmercoledi.news\/ilmercoledi\/news\/wp-json\/wp\/v2\/posts\/25926"}],"collection":[{"href":"https:\/\/www.ilmercoledi.news\/ilmercoledi\/news\/wp-json\/wp\/v2\/posts"}],"about":[{"href":"https:\/\/www.ilmercoledi.news\/ilmercoledi\/news\/wp-json\/wp\/v2\/types\/post"}],"author":[{"embeddable":true,"href":"https:\/\/www.ilmercoledi.news\/ilmercoledi\/news\/wp-json\/wp\/v2\/users\/4"}],"replies":[{"embeddable":true,"href":"https:\/\/www.ilmercoledi.news\/ilmercoledi\/news\/wp-json\/wp\/v2\/comments?post=25926"}],"version-history":[{"count":1,"href":"https:\/\/www.ilmercoledi.news\/ilmercoledi\/news\/wp-json\/wp\/v2\/posts\/25926\/revisions"}],"predecessor-version":[{"id":25928,"href":"https:\/\/www.ilmercoledi.news\/ilmercoledi\/news\/wp-json\/wp\/v2\/posts\/25926\/revisions\/25928"}],"wp:featuredmedia":[{"embeddable":true,"href":"https:\/\/www.ilmercoledi.news\/ilmercoledi\/news\/wp-json\/wp\/v2\/media\/25927"}],"wp:attachment":[{"href":"https:\/\/www.ilmercoledi.news\/ilmercoledi\/news\/wp-json\/wp\/v2\/media?parent=25926"}],"wp:term":[{"taxonomy":"category","embeddable":true,"href":"https:\/\/www.ilmercoledi.news\/ilmercoledi\/news\/wp-json\/wp\/v2\/categories?post=25926"},{"taxonomy":"post_tag","embeddable":true,"href":"https:\/\/www.ilmercoledi.news\/ilmercoledi\/news\/wp-json\/wp\/v2\/tags?post=25926"},{"taxonomy":"news-destination","embeddable":true,"href":"https:\/\/www.ilmercoledi.news\/ilmercoledi\/news\/wp-json\/wp\/v2\/news-destination?post=25926"},{"taxonomy":"news-source","embeddable":true,"href":"https:\/\/www.ilmercoledi.news\/ilmercoledi\/news\/wp-json\/wp\/v2\/news-source?post=25926"},{"taxonomy":"is_homepage","embeddable":true,"href":"https:\/\/www.ilmercoledi.news\/ilmercoledi\/news\/wp-json\/wp\/v2\/is_homepage?post=25926"},{"taxonomy":"ta_other","embeddable":true,"href":"https:\/\/www.ilmercoledi.news\/ilmercoledi\/news\/wp-json\/wp\/v2\/ta_other?post=25926"}],"curies":[{"name":"wp","href":"https:\/\/api.w.org\/{rel}","templated":true}]}}