{"id":26341,"date":"2020-01-10T12:20:16","date_gmt":"2020-01-10T11:20:16","guid":{"rendered":"http:\/\/euwps02.tecnavia.com\/ilmercoledi\/news\/?p=26341"},"modified":"2020-01-10T12:20:18","modified_gmt":"2020-01-10T11:20:18","slug":"sabato-11-gennaio-lo-scelgo-dopo-appuntamento-a-torino-con-la-scrittrice-francesca-iacona","status":"publish","type":"post","link":"https:\/\/www.ilmercoledi.news\/2020\/01\/10\/sabato-11-gennaio-lo-scelgo-dopo-appuntamento-a-torino-con-la-scrittrice-francesca-iacona\/","title":{"rendered":"Sabato 11 gennaio &#8220;Lo scelgo dopo&#8221;: appuntamento a Torino con la scrittrice Francesca Iacona"},"content":{"rendered":"<p>Sabato 11 gennaio alle 17, \u201cBicerin d\u2019autore\u201d con Francesca Iacona al Caff\u00e8 Fiorio di via Po, 8\/C di Torino. La scrittrice presenter\u00e0 al pubblico il suo romanzo d\u2019esordio, \u201cLo scelgo dopo\u201d, un interessante Influenced Book pubblicato da Echos Edizioni. Interverr\u00e0 la giornalista Sara Giraudi di Carmagnola. Ingresso libero. Corner di vendita e firmacopie.<\/p>\n<p>L\u2019AUTRICE. Francesca Iacona, classe 1985, \u00e8 nata a Niscemi, in Sicilia. Ha sempre vissuto nella provincia di Torino, dove si \u00e8 laureata in Informatica. Attualmente \u00e8 impiegata nel campo dell\u2019Information Technology. Grande appassionata di lettura e scrittura sin da giovanissima, \u00e8 amministratrice della pagina Facebook e Instagram \u201cChe ne sai del vento\u201d. Lo scelgo dopo \u00e8 il suo primo \u201cinfluenced book\u201d, un romanzo d\u2019invenzione in cui alcuni dettagli, incluso il nome della protagonista, sono stati determinati dalle scelte dei suoi numerosi followers.<\/p>\n<p>&nbsp;<\/p>\n<p><img alt=\"Sabato 11 gennaio \"Lo scelgo dopo\": appuntamento a Torino con la scrittrice Francesca Iacona\" title=\"Sabato 11 gennaio \"Lo scelgo dopo\": appuntamento a Torino con la scrittrice Francesca Iacona\" loading=\"lazy\" class=\"size-medium wp-image-26343\" src=\"https:\/\/www.ilmercoledi.news\/ilmercoledi\/news\/wp-content\/uploads\/sites\/3\/2020\/01\/Francesca-Iacona_Lo-scelgo-dopo-300x300.jpg\" alt=\"\" width=\"300\" height=\"300\" srcset=\"https:\/\/euwps05.newsmemory.com\/ilmercoledi\/news\/wp-content\/uploads\/sites\/3\/2020\/01\/Francesca-Iacona_Lo-scelgo-dopo-300x300.jpg 300w, https:\/\/euwps05.newsmemory.com\/ilmercoledi\/news\/wp-content\/uploads\/sites\/3\/2020\/01\/Francesca-Iacona_Lo-scelgo-dopo-150x150.jpg 150w, https:\/\/euwps05.newsmemory.com\/ilmercoledi\/news\/wp-content\/uploads\/sites\/3\/2020\/01\/Francesca-Iacona_Lo-scelgo-dopo-768x768.jpg 768w, https:\/\/euwps05.newsmemory.com\/ilmercoledi\/news\/wp-content\/uploads\/sites\/3\/2020\/01\/Francesca-Iacona_Lo-scelgo-dopo-750x750.jpg 750w, https:\/\/euwps05.newsmemory.com\/ilmercoledi\/news\/wp-content\/uploads\/sites\/3\/2020\/01\/Francesca-Iacona_Lo-scelgo-dopo-32x32.jpg 32w, https:\/\/euwps05.newsmemory.com\/ilmercoledi\/news\/wp-content\/uploads\/sites\/3\/2020\/01\/Francesca-Iacona_Lo-scelgo-dopo-50x50.jpg 50w, https:\/\/euwps05.newsmemory.com\/ilmercoledi\/news\/wp-content\/uploads\/sites\/3\/2020\/01\/Francesca-Iacona_Lo-scelgo-dopo-64x64.jpg 64w, https:\/\/euwps05.newsmemory.com\/ilmercoledi\/news\/wp-content\/uploads\/sites\/3\/2020\/01\/Francesca-Iacona_Lo-scelgo-dopo-96x96.jpg 96w, https:\/\/euwps05.newsmemory.com\/ilmercoledi\/news\/wp-content\/uploads\/sites\/3\/2020\/01\/Francesca-Iacona_Lo-scelgo-dopo-128x128.jpg 128w, https:\/\/euwps05.newsmemory.com\/ilmercoledi\/news\/wp-content\/uploads\/sites\/3\/2020\/01\/Francesca-Iacona_Lo-scelgo-dopo.jpg 960w\" sizes=\"(max-width: 300px) 100vw, 300px\" \/><\/p>\n<p>&nbsp;<\/p>\n<p>IL LIBRO. &#8220;Lo scelgo dopo&#8221; \u00e8 una storia che parla dell\u2019amore che una donna non deve mai dimenticare di provare per se stessa. La protagonista \u00e8 Flora, una ragazza torinese alle prese con le difficolt\u00e0 della vita: il matrimonio, il lavoro, il possibile trasferimento in una citt\u00e0 sconosciuta. Crescere, accettare il cambiamento non \u00e8 affatto semplice. Ma Flora \u00e8 coraggiosa e ritrova la forza di rialzarsi, guardare in faccia le sue paure e ricominciare, per scoprirsi infine pi\u00f9 forte di prima.<\/p>\n","protected":false},"excerpt":{"rendered":"","protected":false},"author":4,"featured_media":26342,"comment_status":"open","ping_status":"closed","sticky":false,"template":"","format":"standard","meta":[],"categories":[9],"tags":[],"news-destination":[],"news-source":[],"is_homepage":[],"ta_other":[],"_links":{"self":[{"href":"https:\/\/www.ilmercoledi.news\/ilmercoledi\/news\/wp-json\/wp\/v2\/posts\/26341"}],"collection":[{"href":"https:\/\/www.ilmercoledi.news\/ilmercoledi\/news\/wp-json\/wp\/v2\/posts"}],"about":[{"href":"https:\/\/www.ilmercoledi.news\/ilmercoledi\/news\/wp-json\/wp\/v2\/types\/post"}],"author":[{"embeddable":true,"href":"https:\/\/www.ilmercoledi.news\/ilmercoledi\/news\/wp-json\/wp\/v2\/users\/4"}],"replies":[{"embeddable":true,"href":"https:\/\/www.ilmercoledi.news\/ilmercoledi\/news\/wp-json\/wp\/v2\/comments?post=26341"}],"version-history":[{"count":1,"href":"https:\/\/www.ilmercoledi.news\/ilmercoledi\/news\/wp-json\/wp\/v2\/posts\/26341\/revisions"}],"predecessor-version":[{"id":26344,"href":"https:\/\/www.ilmercoledi.news\/ilmercoledi\/news\/wp-json\/wp\/v2\/posts\/26341\/revisions\/26344"}],"wp:featuredmedia":[{"embeddable":true,"href":"https:\/\/www.ilmercoledi.news\/ilmercoledi\/news\/wp-json\/wp\/v2\/media\/26342"}],"wp:attachment":[{"href":"https:\/\/www.ilmercoledi.news\/ilmercoledi\/news\/wp-json\/wp\/v2\/media?parent=26341"}],"wp:term":[{"taxonomy":"category","embeddable":true,"href":"https:\/\/www.ilmercoledi.news\/ilmercoledi\/news\/wp-json\/wp\/v2\/categories?post=26341"},{"taxonomy":"post_tag","embeddable":true,"href":"https:\/\/www.ilmercoledi.news\/ilmercoledi\/news\/wp-json\/wp\/v2\/tags?post=26341"},{"taxonomy":"news-destination","embeddable":true,"href":"https:\/\/www.ilmercoledi.news\/ilmercoledi\/news\/wp-json\/wp\/v2\/news-destination?post=26341"},{"taxonomy":"news-source","embeddable":true,"href":"https:\/\/www.ilmercoledi.news\/ilmercoledi\/news\/wp-json\/wp\/v2\/news-source?post=26341"},{"taxonomy":"is_homepage","embeddable":true,"href":"https:\/\/www.ilmercoledi.news\/ilmercoledi\/news\/wp-json\/wp\/v2\/is_homepage?post=26341"},{"taxonomy":"ta_other","embeddable":true,"href":"https:\/\/www.ilmercoledi.news\/ilmercoledi\/news\/wp-json\/wp\/v2\/ta_other?post=26341"}],"curies":[{"name":"wp","href":"https:\/\/api.w.org\/{rel}","templated":true}]}}