{"id":27000,"date":"2020-01-31T17:27:07","date_gmt":"2020-01-31T16:27:07","guid":{"rendered":"http:\/\/euwps02.tecnavia.com\/ilmercoledi\/news\/?p=27000"},"modified":"2020-01-31T17:27:09","modified_gmt":"2020-01-31T16:27:09","slug":"alloval-la-grande-sfida","status":"publish","type":"post","link":"https:\/\/www.ilmercoledi.news\/2020\/01\/31\/alloval-la-grande-sfida\/","title":{"rendered":"All\u2019Oval \u00abLa Grande sfida\u00bb"},"content":{"rendered":"<p>TORINO &#8211; l brivido della competizione accende Automotoracing, che per il secondo anno porta otto blasonati piloti di rally e otto campionesse a sfidarsi rispettivamente ne \u201cLa Grande Sfida\u201d e nel \u201cTrofeo Lady&#8221;. La manifestazione, dedicata al mondo delle corse e delle alte prestazioni, accoglier\u00e0 i tanti appassionati da gioved\u00ec 30 gennaio a domenica 2 febbraio all\u2019Oval, nel complesso fieristico del Lingotto di Torino (via Matt\u00e9 Trucco 70).<\/p>\n<p>Nel weekend la pista nell\u2019Area OMP, sponsor ufficiale dello spazio esterno, sar\u00e0 il terreno di battaglia tra Paolo Andreucci (11 volte Campione Italiano di Rally), Andrea Nucita, Alessandro Perico, Damiano De Tommaso, Luca Cantamessa, Davide Riccio, Stefano Peletto e Mathieu Franceschi a bordo delle performanti vetture della classe R5 di ultima generazione e tra Sara Micheletti, Silvia Rocchi, Patrizia Perosino, Silvia Franchini, Martina Iacampo, Aurora Coria, Monica Caramellino e Camilla Gallese su Peugeot 208 R2B.  <\/p>\n<p>Quest\u2019anno il circuito &#8211; 1.000 metri di chicane, curve a gomito e rettilinei &#8211; \u00e8 stata studiata per essere ancora pi\u00f9 emozionante e garantire massima visibilit\u00e0 al folto pubblico che ogni anno accorre per vedere i fuoriclasse impegnati nelle prove a tempo ad inseguimento.<\/p>\n<p>Tra sabato 1 e domenica 2 febbraio il calendario delle sessioni in pista vedr\u00e0 alternarsi per tutto il giorno prove libere, qualificazioni, batterie e finali fino alla premiazione dei fuoriclasse che avranno segnato il miglior giro del tracciato. <\/p>\n<p>Le emozioni continueranno anche con le dimostrazioni di drifting e di rally, derapate controllate ed evoluzioni su ape car con nomi importanti del panorama automobilistico, tra i quali anche i tre Campioni italiani di Drifting Alberto Cona, Manuel Vacca ed Emanuele Festival e la campionessa polacca Karola Pilarczyk.<\/p>\n<p>Automotoracing \u00e8 organizzato da Bea srl in contemporanea con Automotoretr\u00f2, il salone dedicato al motorismo storico, in programma nelle stesse date al Lingotto Fiere di Torino (via Nizza 294).<\/p>\n","protected":false},"excerpt":{"rendered":"","protected":false},"author":10,"featured_media":27001,"comment_status":"open","ping_status":"closed","sticky":false,"template":"","format":"standard","meta":[],"categories":[34,10],"tags":[],"news-destination":[],"news-source":[],"is_homepage":[],"ta_other":[],"_links":{"self":[{"href":"https:\/\/www.ilmercoledi.news\/ilmercoledi\/news\/wp-json\/wp\/v2\/posts\/27000"}],"collection":[{"href":"https:\/\/www.ilmercoledi.news\/ilmercoledi\/news\/wp-json\/wp\/v2\/posts"}],"about":[{"href":"https:\/\/www.ilmercoledi.news\/ilmercoledi\/news\/wp-json\/wp\/v2\/types\/post"}],"author":[{"embeddable":true,"href":"https:\/\/www.ilmercoledi.news\/ilmercoledi\/news\/wp-json\/wp\/v2\/users\/10"}],"replies":[{"embeddable":true,"href":"https:\/\/www.ilmercoledi.news\/ilmercoledi\/news\/wp-json\/wp\/v2\/comments?post=27000"}],"version-history":[{"count":1,"href":"https:\/\/www.ilmercoledi.news\/ilmercoledi\/news\/wp-json\/wp\/v2\/posts\/27000\/revisions"}],"predecessor-version":[{"id":27002,"href":"https:\/\/www.ilmercoledi.news\/ilmercoledi\/news\/wp-json\/wp\/v2\/posts\/27000\/revisions\/27002"}],"wp:featuredmedia":[{"embeddable":true,"href":"https:\/\/www.ilmercoledi.news\/ilmercoledi\/news\/wp-json\/wp\/v2\/media\/27001"}],"wp:attachment":[{"href":"https:\/\/www.ilmercoledi.news\/ilmercoledi\/news\/wp-json\/wp\/v2\/media?parent=27000"}],"wp:term":[{"taxonomy":"category","embeddable":true,"href":"https:\/\/www.ilmercoledi.news\/ilmercoledi\/news\/wp-json\/wp\/v2\/categories?post=27000"},{"taxonomy":"post_tag","embeddable":true,"href":"https:\/\/www.ilmercoledi.news\/ilmercoledi\/news\/wp-json\/wp\/v2\/tags?post=27000"},{"taxonomy":"news-destination","embeddable":true,"href":"https:\/\/www.ilmercoledi.news\/ilmercoledi\/news\/wp-json\/wp\/v2\/news-destination?post=27000"},{"taxonomy":"news-source","embeddable":true,"href":"https:\/\/www.ilmercoledi.news\/ilmercoledi\/news\/wp-json\/wp\/v2\/news-source?post=27000"},{"taxonomy":"is_homepage","embeddable":true,"href":"https:\/\/www.ilmercoledi.news\/ilmercoledi\/news\/wp-json\/wp\/v2\/is_homepage?post=27000"},{"taxonomy":"ta_other","embeddable":true,"href":"https:\/\/www.ilmercoledi.news\/ilmercoledi\/news\/wp-json\/wp\/v2\/ta_other?post=27000"}],"curies":[{"name":"wp","href":"https:\/\/api.w.org\/{rel}","templated":true}]}}