{"id":27120,"date":"2020-02-05T07:39:20","date_gmt":"2020-02-05T06:39:20","guid":{"rendered":"http:\/\/euwps02.tecnavia.com\/ilmercoledi\/news\/?p=27120"},"modified":"2020-02-05T07:39:23","modified_gmt":"2020-02-05T06:39:23","slug":"moncalieri-blitz-dei-carabinieri-nello-stabile-abbandonato-ritrovata-15-enne-fuggita-di-casa","status":"publish","type":"post","link":"https:\/\/www.ilmercoledi.news\/2020\/02\/05\/moncalieri-blitz-dei-carabinieri-nello-stabile-abbandonato-ritrovata-15-enne-fuggita-di-casa\/","title":{"rendered":"MONCALIERI &#8211; Blitz dei carabinieri nello stabile abbandonato: ritrovata 15 enne fuggita di casa"},"content":{"rendered":"<p>I carabinieri di Moncalieri hanno trovato all&#8217;interno di villa Franel, vecchio stabile un tempo usato come comunit\u00e0 alloggio per persone portatrici di gravi handicap, una ragazzina 15 enne che si era allontanata da casa sua, ad Asti. L&#8217;episodio \u00e8 avvenuto nel fine settimana scorso. La giovane voleva venire a passare il sabato sera a Torino, incurante dei divieti dei genitori. La madre, quando non l&#8217;ha vista rientrare ha chiamato subito i carabinieri torinesi, convinta che si trovasse sotto la Mole. E dopo ricerche serrate \u00e8 stata trovata nell&#8217;edificio abbandonato di propriet\u00e0 di Citt\u00e0 Metropolitana, a rischio crollo.<\/p>\n","protected":false},"excerpt":{"rendered":"","protected":false},"author":11,"featured_media":27121,"comment_status":"open","ping_status":"closed","sticky":false,"template":"","format":"standard","meta":[],"categories":[34],"tags":[],"news-destination":[],"news-source":[],"is_homepage":[],"ta_other":[],"_links":{"self":[{"href":"https:\/\/www.ilmercoledi.news\/ilmercoledi\/news\/wp-json\/wp\/v2\/posts\/27120"}],"collection":[{"href":"https:\/\/www.ilmercoledi.news\/ilmercoledi\/news\/wp-json\/wp\/v2\/posts"}],"about":[{"href":"https:\/\/www.ilmercoledi.news\/ilmercoledi\/news\/wp-json\/wp\/v2\/types\/post"}],"author":[{"embeddable":true,"href":"https:\/\/www.ilmercoledi.news\/ilmercoledi\/news\/wp-json\/wp\/v2\/users\/11"}],"replies":[{"embeddable":true,"href":"https:\/\/www.ilmercoledi.news\/ilmercoledi\/news\/wp-json\/wp\/v2\/comments?post=27120"}],"version-history":[{"count":1,"href":"https:\/\/www.ilmercoledi.news\/ilmercoledi\/news\/wp-json\/wp\/v2\/posts\/27120\/revisions"}],"predecessor-version":[{"id":27122,"href":"https:\/\/www.ilmercoledi.news\/ilmercoledi\/news\/wp-json\/wp\/v2\/posts\/27120\/revisions\/27122"}],"wp:featuredmedia":[{"embeddable":true,"href":"https:\/\/www.ilmercoledi.news\/ilmercoledi\/news\/wp-json\/wp\/v2\/media\/27121"}],"wp:attachment":[{"href":"https:\/\/www.ilmercoledi.news\/ilmercoledi\/news\/wp-json\/wp\/v2\/media?parent=27120"}],"wp:term":[{"taxonomy":"category","embeddable":true,"href":"https:\/\/www.ilmercoledi.news\/ilmercoledi\/news\/wp-json\/wp\/v2\/categories?post=27120"},{"taxonomy":"post_tag","embeddable":true,"href":"https:\/\/www.ilmercoledi.news\/ilmercoledi\/news\/wp-json\/wp\/v2\/tags?post=27120"},{"taxonomy":"news-destination","embeddable":true,"href":"https:\/\/www.ilmercoledi.news\/ilmercoledi\/news\/wp-json\/wp\/v2\/news-destination?post=27120"},{"taxonomy":"news-source","embeddable":true,"href":"https:\/\/www.ilmercoledi.news\/ilmercoledi\/news\/wp-json\/wp\/v2\/news-source?post=27120"},{"taxonomy":"is_homepage","embeddable":true,"href":"https:\/\/www.ilmercoledi.news\/ilmercoledi\/news\/wp-json\/wp\/v2\/is_homepage?post=27120"},{"taxonomy":"ta_other","embeddable":true,"href":"https:\/\/www.ilmercoledi.news\/ilmercoledi\/news\/wp-json\/wp\/v2\/ta_other?post=27120"}],"curies":[{"name":"wp","href":"https:\/\/api.w.org\/{rel}","templated":true}]}}