{"id":27187,"date":"2020-02-06T19:45:15","date_gmt":"2020-02-06T18:45:15","guid":{"rendered":"http:\/\/euwps02.tecnavia.com\/ilmercoledi\/news\/?p=27187"},"modified":"2020-02-06T19:45:17","modified_gmt":"2020-02-06T18:45:17","slug":"venerdi-a-trofarello-si-parla-di-cyberbullismo-e-comunicazione","status":"publish","type":"post","link":"https:\/\/www.ilmercoledi.news\/2020\/02\/06\/venerdi-a-trofarello-si-parla-di-cyberbullismo-e-comunicazione\/","title":{"rendered":"Venerd\u00ec a Trofarello si parla di cyberbullismo e comunicazione"},"content":{"rendered":"<p>\u201cGenitori, figli, Cyberbullismo\u201d \u00e8 il tema della serata che si terr\u00e0 venerd\u00ec 7 febbraio alle 21, alla scuola elementare Rodari di via Battisti 18, a Trofarello. Relatrice, la dottoressa Morena Demichelis.<\/p>\n<p>L\u2019incontro \u00e8 proposto dal Comitato Genitori Trofarello, che spiega: \u201cCi siamo occupati pi\u00f9 volte sia di bullismo che di uso (in)consapevole dei social media, di internet e delle nuove tecnologie. Dato il successo riscontrato e conoscendo l\u2019importanza della questione nel vissuto quotidiano dei genitori, dei ragazzi e anche degli insegnanti, ritorniamo sul tema ma questa volta con un approccio differente, centrato sul fatto che l\u2019uso delle nuove tecnologie (telefonini, tablet e pc) elimina dalla comunicazione interpersonale soprattutto l\u2019aspetto emotivo e l\u2019empatia che la comunicazione \u2018dal vivo\u2019 fa passare attraverso il corpo, le espressioni, la gestualit\u00e0. Questo pu\u00f2 in certi casi essere fonte di ansie e problemi relazionali ed \u00e8 necessario esserne consapevoli\u201d.<\/p>\n<p>L\u2019ingresso \u00e8 gratuito e aperto a tutti. Nel corso della serata si terr\u00e0 anche l\u2019assemblea del Cgt, con possibilit\u00e0 di iscrizione al comitato.<\/p>\n","protected":false},"excerpt":{"rendered":"","protected":false},"author":4,"featured_media":15210,"comment_status":"open","ping_status":"closed","sticky":false,"template":"","format":"standard","meta":[],"categories":[34],"tags":[],"news-destination":[],"news-source":[],"is_homepage":[],"ta_other":[],"_links":{"self":[{"href":"https:\/\/www.ilmercoledi.news\/ilmercoledi\/news\/wp-json\/wp\/v2\/posts\/27187"}],"collection":[{"href":"https:\/\/www.ilmercoledi.news\/ilmercoledi\/news\/wp-json\/wp\/v2\/posts"}],"about":[{"href":"https:\/\/www.ilmercoledi.news\/ilmercoledi\/news\/wp-json\/wp\/v2\/types\/post"}],"author":[{"embeddable":true,"href":"https:\/\/www.ilmercoledi.news\/ilmercoledi\/news\/wp-json\/wp\/v2\/users\/4"}],"replies":[{"embeddable":true,"href":"https:\/\/www.ilmercoledi.news\/ilmercoledi\/news\/wp-json\/wp\/v2\/comments?post=27187"}],"version-history":[{"count":1,"href":"https:\/\/www.ilmercoledi.news\/ilmercoledi\/news\/wp-json\/wp\/v2\/posts\/27187\/revisions"}],"predecessor-version":[{"id":27188,"href":"https:\/\/www.ilmercoledi.news\/ilmercoledi\/news\/wp-json\/wp\/v2\/posts\/27187\/revisions\/27188"}],"wp:featuredmedia":[{"embeddable":true,"href":"https:\/\/www.ilmercoledi.news\/ilmercoledi\/news\/wp-json\/wp\/v2\/media\/15210"}],"wp:attachment":[{"href":"https:\/\/www.ilmercoledi.news\/ilmercoledi\/news\/wp-json\/wp\/v2\/media?parent=27187"}],"wp:term":[{"taxonomy":"category","embeddable":true,"href":"https:\/\/www.ilmercoledi.news\/ilmercoledi\/news\/wp-json\/wp\/v2\/categories?post=27187"},{"taxonomy":"post_tag","embeddable":true,"href":"https:\/\/www.ilmercoledi.news\/ilmercoledi\/news\/wp-json\/wp\/v2\/tags?post=27187"},{"taxonomy":"news-destination","embeddable":true,"href":"https:\/\/www.ilmercoledi.news\/ilmercoledi\/news\/wp-json\/wp\/v2\/news-destination?post=27187"},{"taxonomy":"news-source","embeddable":true,"href":"https:\/\/www.ilmercoledi.news\/ilmercoledi\/news\/wp-json\/wp\/v2\/news-source?post=27187"},{"taxonomy":"is_homepage","embeddable":true,"href":"https:\/\/www.ilmercoledi.news\/ilmercoledi\/news\/wp-json\/wp\/v2\/is_homepage?post=27187"},{"taxonomy":"ta_other","embeddable":true,"href":"https:\/\/www.ilmercoledi.news\/ilmercoledi\/news\/wp-json\/wp\/v2\/ta_other?post=27187"}],"curies":[{"name":"wp","href":"https:\/\/api.w.org\/{rel}","templated":true}]}}