{"id":27515,"date":"2020-02-18T07:50:27","date_gmt":"2020-02-18T06:50:27","guid":{"rendered":"http:\/\/euwps02.tecnavia.com\/ilmercoledi\/news\/?p=27515"},"modified":"2020-02-18T07:50:31","modified_gmt":"2020-02-18T06:50:31","slug":"santena-consiglio-comunale-mercoledi-19-febbraio","status":"publish","type":"post","link":"https:\/\/www.ilmercoledi.news\/2020\/02\/18\/santena-consiglio-comunale-mercoledi-19-febbraio\/","title":{"rendered":"SANTENA &#8211; Consiglio comunale mercoled\u00ec 19 febbraio"},"content":{"rendered":"<p>E&#8217; in programma mercoled\u00ec 19 febbraio alle 18,30 il Consiglio Comunale a Santena, che avr\u00e0 luogo nella Sala Consiliare del Palazzo Comunale di via Cavour 39. Verranno approvati i verbali della seduta consiliare precedente. Tra le delibere. l&#8217;adozione del progetto preliminare di Variante Parziale al piano regolatore e del documento di verifica di assoggettabilit\u00e0 a VAS dell&#8217;area per attrezzature private di interesse generale \u201cHp\u201d sita tra le vie San Salv\u00e0 e Tetti Agostino. Si parler\u00e0 del piano straordinario di lotta alla cimice asiatica predisposto dalla Federazione Nazionale Coldiretti: nello specifico il sostegno ed approvazione delle iniziative di contrasto.<\/p>\n","protected":false},"excerpt":{"rendered":"","protected":false},"author":11,"featured_media":22440,"comment_status":"open","ping_status":"closed","sticky":false,"template":"","format":"standard","meta":[],"categories":[34],"tags":[],"news-destination":[],"news-source":[],"is_homepage":[],"ta_other":[],"_links":{"self":[{"href":"https:\/\/www.ilmercoledi.news\/ilmercoledi\/news\/wp-json\/wp\/v2\/posts\/27515"}],"collection":[{"href":"https:\/\/www.ilmercoledi.news\/ilmercoledi\/news\/wp-json\/wp\/v2\/posts"}],"about":[{"href":"https:\/\/www.ilmercoledi.news\/ilmercoledi\/news\/wp-json\/wp\/v2\/types\/post"}],"author":[{"embeddable":true,"href":"https:\/\/www.ilmercoledi.news\/ilmercoledi\/news\/wp-json\/wp\/v2\/users\/11"}],"replies":[{"embeddable":true,"href":"https:\/\/www.ilmercoledi.news\/ilmercoledi\/news\/wp-json\/wp\/v2\/comments?post=27515"}],"version-history":[{"count":1,"href":"https:\/\/www.ilmercoledi.news\/ilmercoledi\/news\/wp-json\/wp\/v2\/posts\/27515\/revisions"}],"predecessor-version":[{"id":27516,"href":"https:\/\/www.ilmercoledi.news\/ilmercoledi\/news\/wp-json\/wp\/v2\/posts\/27515\/revisions\/27516"}],"wp:featuredmedia":[{"embeddable":true,"href":"https:\/\/www.ilmercoledi.news\/ilmercoledi\/news\/wp-json\/wp\/v2\/media\/22440"}],"wp:attachment":[{"href":"https:\/\/www.ilmercoledi.news\/ilmercoledi\/news\/wp-json\/wp\/v2\/media?parent=27515"}],"wp:term":[{"taxonomy":"category","embeddable":true,"href":"https:\/\/www.ilmercoledi.news\/ilmercoledi\/news\/wp-json\/wp\/v2\/categories?post=27515"},{"taxonomy":"post_tag","embeddable":true,"href":"https:\/\/www.ilmercoledi.news\/ilmercoledi\/news\/wp-json\/wp\/v2\/tags?post=27515"},{"taxonomy":"news-destination","embeddable":true,"href":"https:\/\/www.ilmercoledi.news\/ilmercoledi\/news\/wp-json\/wp\/v2\/news-destination?post=27515"},{"taxonomy":"news-source","embeddable":true,"href":"https:\/\/www.ilmercoledi.news\/ilmercoledi\/news\/wp-json\/wp\/v2\/news-source?post=27515"},{"taxonomy":"is_homepage","embeddable":true,"href":"https:\/\/www.ilmercoledi.news\/ilmercoledi\/news\/wp-json\/wp\/v2\/is_homepage?post=27515"},{"taxonomy":"ta_other","embeddable":true,"href":"https:\/\/www.ilmercoledi.news\/ilmercoledi\/news\/wp-json\/wp\/v2\/ta_other?post=27515"}],"curies":[{"name":"wp","href":"https:\/\/api.w.org\/{rel}","templated":true}]}}