{"id":27821,"date":"2020-02-27T07:45:15","date_gmt":"2020-02-27T06:45:15","guid":{"rendered":"http:\/\/euwps02.tecnavia.com\/ilmercoledi\/news\/?p=27821"},"modified":"2020-02-27T07:45:20","modified_gmt":"2020-02-27T06:45:20","slug":"citta-metropolitana-appuntamento-il-2-marzo-con-il-bilancio-di-previsione","status":"publish","type":"post","link":"https:\/\/www.ilmercoledi.news\/2020\/02\/27\/citta-metropolitana-appuntamento-il-2-marzo-con-il-bilancio-di-previsione\/","title":{"rendered":"CITTA&#8217; METROPOLITANA &#8211; Appuntamento il 2 marzo con il bilancio di previsione"},"content":{"rendered":"<p>Il Consiglio metropolitano, al termine della seduta di mercoled\u00ec 26 febbraio, \u00e8 stato riconvocato per luned\u00ec 2 marzo alle ore 12.30 sempre nella sede di corso Inghilterra 7 della Citt\u00e0 metropolitana di Torino. All&#8217;ordine del giorno i due punti non completati e cio\u00e8 l&#8217;esame del bilancio di previsione 2020 e del documento unico di programmazione.<\/p>\n","protected":false},"excerpt":{"rendered":"","protected":false},"author":11,"featured_media":10400,"comment_status":"open","ping_status":"closed","sticky":false,"template":"","format":"standard","meta":[],"categories":[34],"tags":[],"news-destination":[],"news-source":[],"is_homepage":[],"ta_other":[],"_links":{"self":[{"href":"https:\/\/www.ilmercoledi.news\/ilmercoledi\/news\/wp-json\/wp\/v2\/posts\/27821"}],"collection":[{"href":"https:\/\/www.ilmercoledi.news\/ilmercoledi\/news\/wp-json\/wp\/v2\/posts"}],"about":[{"href":"https:\/\/www.ilmercoledi.news\/ilmercoledi\/news\/wp-json\/wp\/v2\/types\/post"}],"author":[{"embeddable":true,"href":"https:\/\/www.ilmercoledi.news\/ilmercoledi\/news\/wp-json\/wp\/v2\/users\/11"}],"replies":[{"embeddable":true,"href":"https:\/\/www.ilmercoledi.news\/ilmercoledi\/news\/wp-json\/wp\/v2\/comments?post=27821"}],"version-history":[{"count":1,"href":"https:\/\/www.ilmercoledi.news\/ilmercoledi\/news\/wp-json\/wp\/v2\/posts\/27821\/revisions"}],"predecessor-version":[{"id":27822,"href":"https:\/\/www.ilmercoledi.news\/ilmercoledi\/news\/wp-json\/wp\/v2\/posts\/27821\/revisions\/27822"}],"wp:featuredmedia":[{"embeddable":true,"href":"https:\/\/www.ilmercoledi.news\/ilmercoledi\/news\/wp-json\/wp\/v2\/media\/10400"}],"wp:attachment":[{"href":"https:\/\/www.ilmercoledi.news\/ilmercoledi\/news\/wp-json\/wp\/v2\/media?parent=27821"}],"wp:term":[{"taxonomy":"category","embeddable":true,"href":"https:\/\/www.ilmercoledi.news\/ilmercoledi\/news\/wp-json\/wp\/v2\/categories?post=27821"},{"taxonomy":"post_tag","embeddable":true,"href":"https:\/\/www.ilmercoledi.news\/ilmercoledi\/news\/wp-json\/wp\/v2\/tags?post=27821"},{"taxonomy":"news-destination","embeddable":true,"href":"https:\/\/www.ilmercoledi.news\/ilmercoledi\/news\/wp-json\/wp\/v2\/news-destination?post=27821"},{"taxonomy":"news-source","embeddable":true,"href":"https:\/\/www.ilmercoledi.news\/ilmercoledi\/news\/wp-json\/wp\/v2\/news-source?post=27821"},{"taxonomy":"is_homepage","embeddable":true,"href":"https:\/\/www.ilmercoledi.news\/ilmercoledi\/news\/wp-json\/wp\/v2\/is_homepage?post=27821"},{"taxonomy":"ta_other","embeddable":true,"href":"https:\/\/www.ilmercoledi.news\/ilmercoledi\/news\/wp-json\/wp\/v2\/ta_other?post=27821"}],"curies":[{"name":"wp","href":"https:\/\/api.w.org\/{rel}","templated":true}]}}