{"id":27869,"date":"2020-02-27T22:45:51","date_gmt":"2020-02-27T21:45:51","guid":{"rendered":"http:\/\/euwps02.tecnavia.com\/ilmercoledi\/news\/?p=27869"},"modified":"2020-02-27T22:55:32","modified_gmt":"2020-02-27T21:55:32","slug":"aggiornamento-coronavirus-la-regione-piemonte-punta-a-riaprire-le-scuole-a-meta-settimana","status":"publish","type":"post","link":"https:\/\/www.ilmercoledi.news\/2020\/02\/27\/aggiornamento-coronavirus-la-regione-piemonte-punta-a-riaprire-le-scuole-a-meta-settimana\/","title":{"rendered":"AGGIORNAMENTO CORONAVIRUS \u2013 La Regione Piemonte punta a riaprire le scuole a met\u00e0 settimana"},"content":{"rendered":"<p>TORINO \u2013 Riapertura delle scuole a met\u00e0 settimana e misure meno restrittive sul territorio, per un ritorno graduale alla vita di sempre. Il Piemonte ha una gran voglia di normalit\u00e0 per\u00f2 deve fare ancora i conti con un caso conclamato di malattia e i cinque nuovi casi probabili (ma non ancora confermati) di contagio da coronavirus emersi nelle ultime ore: due persone anziane all&#8217;ospedale di Asti (entrambe di un gruppo di astigiani ospitato di recente presso un hotel di Alassio) e una famiglia di tre persone del novarese, ricoverata in via precauzionale all&#8217;ospedale di Novara. Per tutti e cinque i test di primo livello sono risultati positivi, e ora si attendono le controanalisi Dell&#8217;Istituto Superiore di Sanit\u00e0 per confermare o smentire i risultati.<\/p>\n<p dir=\"ltr\">Intanto, <strong>dall&#8217;incontro<\/strong> di questa sera (27 febbraio) tra <strong>il presidente della Regione Alberto Cirio con sindaci, prefetti e presidenti delle province piemontesi<\/strong> \u00e8 emerso il desiderio di allentare gradatamente da marzo le restrizioni straordinarie adottate per ora fino a fine febbraio, mantenendo per\u00f2 la massima cautela. Per il presidente Cirio, &#8220;i cinque nuovi casi di oggi, pur condizionati alla verifica dell&#8217;istituto superiore di Sanit\u00e0, dimostrano che il problema persiste&#8221;. La proposta al ministro della Salute \u00e8 di avviare a inizio settimana un&#8217;attivit\u00e0 di pulizia straordinaria e\u00a0 disinfezione negli edifici scolastici, e di riaprire tutti gli istituti agli studenti da met\u00e0 settimana. Al Governo viene chiesta una risposta entro domani, per non lasciare le famiglie in sospeso troppo a lungo.<\/p>\n","protected":false},"excerpt":{"rendered":"","protected":false},"author":4,"featured_media":8342,"comment_status":"open","ping_status":"closed","sticky":false,"template":"","format":"standard","meta":[],"categories":[8,119],"tags":[504,503,250],"news-destination":[],"news-source":[],"is_homepage":[],"ta_other":[],"_links":{"self":[{"href":"https:\/\/www.ilmercoledi.news\/ilmercoledi\/news\/wp-json\/wp\/v2\/posts\/27869"}],"collection":[{"href":"https:\/\/www.ilmercoledi.news\/ilmercoledi\/news\/wp-json\/wp\/v2\/posts"}],"about":[{"href":"https:\/\/www.ilmercoledi.news\/ilmercoledi\/news\/wp-json\/wp\/v2\/types\/post"}],"author":[{"embeddable":true,"href":"https:\/\/www.ilmercoledi.news\/ilmercoledi\/news\/wp-json\/wp\/v2\/users\/4"}],"replies":[{"embeddable":true,"href":"https:\/\/www.ilmercoledi.news\/ilmercoledi\/news\/wp-json\/wp\/v2\/comments?post=27869"}],"version-history":[{"count":4,"href":"https:\/\/www.ilmercoledi.news\/ilmercoledi\/news\/wp-json\/wp\/v2\/posts\/27869\/revisions"}],"predecessor-version":[{"id":27873,"href":"https:\/\/www.ilmercoledi.news\/ilmercoledi\/news\/wp-json\/wp\/v2\/posts\/27869\/revisions\/27873"}],"wp:featuredmedia":[{"embeddable":true,"href":"https:\/\/www.ilmercoledi.news\/ilmercoledi\/news\/wp-json\/wp\/v2\/media\/8342"}],"wp:attachment":[{"href":"https:\/\/www.ilmercoledi.news\/ilmercoledi\/news\/wp-json\/wp\/v2\/media?parent=27869"}],"wp:term":[{"taxonomy":"category","embeddable":true,"href":"https:\/\/www.ilmercoledi.news\/ilmercoledi\/news\/wp-json\/wp\/v2\/categories?post=27869"},{"taxonomy":"post_tag","embeddable":true,"href":"https:\/\/www.ilmercoledi.news\/ilmercoledi\/news\/wp-json\/wp\/v2\/tags?post=27869"},{"taxonomy":"news-destination","embeddable":true,"href":"https:\/\/www.ilmercoledi.news\/ilmercoledi\/news\/wp-json\/wp\/v2\/news-destination?post=27869"},{"taxonomy":"news-source","embeddable":true,"href":"https:\/\/www.ilmercoledi.news\/ilmercoledi\/news\/wp-json\/wp\/v2\/news-source?post=27869"},{"taxonomy":"is_homepage","embeddable":true,"href":"https:\/\/www.ilmercoledi.news\/ilmercoledi\/news\/wp-json\/wp\/v2\/is_homepage?post=27869"},{"taxonomy":"ta_other","embeddable":true,"href":"https:\/\/www.ilmercoledi.news\/ilmercoledi\/news\/wp-json\/wp\/v2\/ta_other?post=27869"}],"curies":[{"name":"wp","href":"https:\/\/api.w.org\/{rel}","templated":true}]}}