{"id":27928,"date":"2020-03-02T18:28:09","date_gmt":"2020-03-02T17:28:09","guid":{"rendered":"http:\/\/euwps02.tecnavia.com\/ilmercoledi\/news\/?p=27928"},"modified":"2020-03-02T18:28:12","modified_gmt":"2020-03-02T17:28:12","slug":"coppa-italia-serie-a2-femminile-di-basket-rinviate-le-final-eight-previste-a-moncalieri","status":"publish","type":"post","link":"https:\/\/www.ilmercoledi.news\/2020\/03\/02\/coppa-italia-serie-a2-femminile-di-basket-rinviate-le-final-eight-previste-a-moncalieri\/","title":{"rendered":"Coppa Italia serie A2 femminile di basket, rinviate le Final Eight previste a Moncalieri"},"content":{"rendered":"<p>Tutti ci speravano anche solo per tor\u00adnare a respirare un briciolo di normalit\u00e0 in attesa di riprendere\u00ad a tutto tondo l\u2019attivit\u00e0 normale. Forse non tutti ci credevano anche alla luce che tra le partecipanti figurano Carugate, Crema, Villafranca Veneta e Faenza, tutte squadre delle zone pi\u00f9 a rischio Covid19 d&#8217;Italia. Ed alla fine sono stati questi ultimi ad avere ragione.<\/p>\n<p><em>\u201cll Presidente Massimo Protani e il Consiglio Direttivo della Lega Basket Femminile<\/em> &#8211; si legge sul comunicato ufficiale comparso poco fa sul sito internet della Lbf &#8211; <em>hanno deciso, in accordo con la Federazione Italiana Pallacanestro, di rinviare la Final Eight di Coppa Italia Serie A2, in programma il 6-7-8 marzo 2020 a Moncalieri, al 3-4-5 aprile 2020\u201d<\/em>.<\/p>\n<p>Tutto ci\u00f2 incastonato tra le motivazioni che han portato alla decisione. <em>\u201cIn questa situazione di emergenza sanitaria nazionale, con le direttive del nuovo Decreto Ministeriale, la Lega Basket Femminile ha l\u2019obbligo e l\u2019interesse di garantire innanzitutto la regolarit\u00e0 dei campionati in corso e la massima sicurezza possibile per tutte le societ\u00e0, oltre agli addetti ai lavori e agli appassionati di pallacanestro femminile del\u00adl\u2019Italia intera\u201d<\/em> concludendo con <em>\u201cLa Coppa Italia \u00e8 una vera e propria festa dello sport, che coinvolge molte realt\u00e0 del territorio nazionale in un fine settimana di grande spettacolo, un vero e proprio spot per la pallacanestro femminile. In questo particolare momento la manifestazione non avrebbe la dignit\u00e0 e il coinvolgimento che genera ogni anno, e che accresce il valore del\u00adl\u2019in\u00adtero movimento, sia a li\u00advello puramente agonistico che mediatico\u201d<\/em>.<\/p>\n<p>Motivazioni che trovano l\u2019appoggio di Giovanni Pao\u00adlo Terzolo, fondatore di Pms gruppo del quale fa parte la Libertas e primo tifoso delle lunette, <em>\u201cquando alcune societ\u00e0 sono in zone a rischio \u00e8 giusto e corretto in maniera preventiva tutelarsi\u201d<\/em>, salvo trovare poi un\u2019ostacolo alla nuova data prevista. <em>\u201cIl 3-4-5 aprile l\u2019impianto non sar\u00e0 disponibile per un\u2019altra manifestazione<\/em> &#8211; afferma infatti Terzolo &#8211;<em>, quindi stiamo valutando se spostarci in concomitanza con le finali di A2 maschili dal 19 al 23 aprile<\/em> (la Coppa Italia Lnp Old Wild West, gi\u00e0 prevista negli stessi giorni di quella femminile a Ravenna prima del rinvio giunto\u00ad con qualche giorno di anticipo rispetto a quella moncalierese, ndr)<em> o anticipare a fine marzo\u201d<\/em>.<\/p>\n<p>Un concetto ribadito anche dall\u2019Assessore allo Sport di Moncalieri, Giuseppe Messina, che conferma di <em>\u201cstar di\u00adscutendo con Pms una data utile da indicare alla Lega Basket Femminile per re\u00adcuperare la manifestazione. Da parte del Comune di Moncalieri c\u2019\u00e8 grande attesa per questo evento che abbiamo fortemente voluto. Di fronte alla sicurezza ed alla salute di tutti, tuttavia, \u00e8 stato giusto prendere questa de\u00adcisione\u201d<\/em>.<\/p>\n<p>La nuova data fornita alla Lega si sapr\u00e0 probabilmente solo mercoled\u00ec e dovr\u00e0 poi essere confermata da Lbf e Federazione.<\/p>\n","protected":false},"excerpt":{"rendered":"","protected":false},"author":9,"featured_media":27930,"comment_status":"open","ping_status":"closed","sticky":false,"template":"","format":"standard","meta":[],"categories":[10],"tags":[],"news-destination":[],"news-source":[],"is_homepage":[],"ta_other":[],"_links":{"self":[{"href":"https:\/\/www.ilmercoledi.news\/ilmercoledi\/news\/wp-json\/wp\/v2\/posts\/27928"}],"collection":[{"href":"https:\/\/www.ilmercoledi.news\/ilmercoledi\/news\/wp-json\/wp\/v2\/posts"}],"about":[{"href":"https:\/\/www.ilmercoledi.news\/ilmercoledi\/news\/wp-json\/wp\/v2\/types\/post"}],"author":[{"embeddable":true,"href":"https:\/\/www.ilmercoledi.news\/ilmercoledi\/news\/wp-json\/wp\/v2\/users\/9"}],"replies":[{"embeddable":true,"href":"https:\/\/www.ilmercoledi.news\/ilmercoledi\/news\/wp-json\/wp\/v2\/comments?post=27928"}],"version-history":[{"count":2,"href":"https:\/\/www.ilmercoledi.news\/ilmercoledi\/news\/wp-json\/wp\/v2\/posts\/27928\/revisions"}],"predecessor-version":[{"id":27931,"href":"https:\/\/www.ilmercoledi.news\/ilmercoledi\/news\/wp-json\/wp\/v2\/posts\/27928\/revisions\/27931"}],"wp:featuredmedia":[{"embeddable":true,"href":"https:\/\/www.ilmercoledi.news\/ilmercoledi\/news\/wp-json\/wp\/v2\/media\/27930"}],"wp:attachment":[{"href":"https:\/\/www.ilmercoledi.news\/ilmercoledi\/news\/wp-json\/wp\/v2\/media?parent=27928"}],"wp:term":[{"taxonomy":"category","embeddable":true,"href":"https:\/\/www.ilmercoledi.news\/ilmercoledi\/news\/wp-json\/wp\/v2\/categories?post=27928"},{"taxonomy":"post_tag","embeddable":true,"href":"https:\/\/www.ilmercoledi.news\/ilmercoledi\/news\/wp-json\/wp\/v2\/tags?post=27928"},{"taxonomy":"news-destination","embeddable":true,"href":"https:\/\/www.ilmercoledi.news\/ilmercoledi\/news\/wp-json\/wp\/v2\/news-destination?post=27928"},{"taxonomy":"news-source","embeddable":true,"href":"https:\/\/www.ilmercoledi.news\/ilmercoledi\/news\/wp-json\/wp\/v2\/news-source?post=27928"},{"taxonomy":"is_homepage","embeddable":true,"href":"https:\/\/www.ilmercoledi.news\/ilmercoledi\/news\/wp-json\/wp\/v2\/is_homepage?post=27928"},{"taxonomy":"ta_other","embeddable":true,"href":"https:\/\/www.ilmercoledi.news\/ilmercoledi\/news\/wp-json\/wp\/v2\/ta_other?post=27928"}],"curies":[{"name":"wp","href":"https:\/\/api.w.org\/{rel}","templated":true}]}}