{"id":27955,"date":"2020-03-03T14:10:40","date_gmt":"2020-03-03T13:10:40","guid":{"rendered":"http:\/\/euwps02.tecnavia.com\/ilmercoledi\/news\/?p=27955"},"modified":"2020-03-03T14:10:43","modified_gmt":"2020-03-03T13:10:43","slug":"michelin-historic-rally-cup-2020-rinviato-il-vallate-aretine-si-parte-dal-sanremo","status":"publish","type":"post","link":"https:\/\/www.ilmercoledi.news\/2020\/03\/03\/michelin-historic-rally-cup-2020-rinviato-il-vallate-aretine-si-parte-dal-sanremo\/","title":{"rendered":"Michelin Historic Rally Cup 2020: rinviato il Vallate Aretine, si parte dal Sanremo"},"content":{"rendered":"<p>MONCALIERI &#8211; la scuderia Etruria Sport informa della decisione di rinviare a data da destinarsi il 10\u00b0 Historic Rally delle Vallate Aretine. Nel comunicato diffuso dalla scuderia toscana si afferma: \u201cScuderia Etruria Sport, con il supporto dei vertici di ACI SPORT, ha ritenuto opportuno rinviare la manifestazione per tutelare la salute e la sicurezza di tutti i soggetti coinvolti. L&#8217;organizzazione \u00e8 gi\u00e0 al lavoro per individuare una nuova data in cui disputare il rally e comunicher\u00e0 al pi\u00f9 presto il nuovo programma\u201d. \u201cSiamo molto dispiaciuti per il rinvio del 10\u00b0 Historic Rally delle Vallate Aretine, una gara da sempre presente nella nostra Coppa\u201d, afferma Mario Cravero, di Area Gomme, la societ\u00e0 che si occupa della distribuzione dei pneumatici Michelin nel mondo delle competizioni storiche italiane e gestisce la Michelin Historic Rally Cup 2020. \u201cAttendiamo le decisioni della Federazione e dello staff guidato da Loriano Norcini e ci auguriamo che il rally aretino possa rientrare quanto prima nel calendario delle gare. La Michelin Historic Rally Cup 2020 ha gi\u00e0 raccolto un significativo numero di iscritti, a conferma della sua validit\u00e0, ed \u00e8 pronta a scattare nel primo settimana di aprile con il 35\u00b0 Sanremo Rally Storico; o anche prima se il Vallate Aretine venisse posticipato solo di pochi giorni\u201d.<\/p>\n","protected":false},"excerpt":{"rendered":"","protected":false},"author":10,"featured_media":27956,"comment_status":"open","ping_status":"closed","sticky":false,"template":"","format":"standard","meta":[],"categories":[10],"tags":[],"news-destination":[],"news-source":[],"is_homepage":[],"ta_other":[],"_links":{"self":[{"href":"https:\/\/www.ilmercoledi.news\/ilmercoledi\/news\/wp-json\/wp\/v2\/posts\/27955"}],"collection":[{"href":"https:\/\/www.ilmercoledi.news\/ilmercoledi\/news\/wp-json\/wp\/v2\/posts"}],"about":[{"href":"https:\/\/www.ilmercoledi.news\/ilmercoledi\/news\/wp-json\/wp\/v2\/types\/post"}],"author":[{"embeddable":true,"href":"https:\/\/www.ilmercoledi.news\/ilmercoledi\/news\/wp-json\/wp\/v2\/users\/10"}],"replies":[{"embeddable":true,"href":"https:\/\/www.ilmercoledi.news\/ilmercoledi\/news\/wp-json\/wp\/v2\/comments?post=27955"}],"version-history":[{"count":1,"href":"https:\/\/www.ilmercoledi.news\/ilmercoledi\/news\/wp-json\/wp\/v2\/posts\/27955\/revisions"}],"predecessor-version":[{"id":27957,"href":"https:\/\/www.ilmercoledi.news\/ilmercoledi\/news\/wp-json\/wp\/v2\/posts\/27955\/revisions\/27957"}],"wp:featuredmedia":[{"embeddable":true,"href":"https:\/\/www.ilmercoledi.news\/ilmercoledi\/news\/wp-json\/wp\/v2\/media\/27956"}],"wp:attachment":[{"href":"https:\/\/www.ilmercoledi.news\/ilmercoledi\/news\/wp-json\/wp\/v2\/media?parent=27955"}],"wp:term":[{"taxonomy":"category","embeddable":true,"href":"https:\/\/www.ilmercoledi.news\/ilmercoledi\/news\/wp-json\/wp\/v2\/categories?post=27955"},{"taxonomy":"post_tag","embeddable":true,"href":"https:\/\/www.ilmercoledi.news\/ilmercoledi\/news\/wp-json\/wp\/v2\/tags?post=27955"},{"taxonomy":"news-destination","embeddable":true,"href":"https:\/\/www.ilmercoledi.news\/ilmercoledi\/news\/wp-json\/wp\/v2\/news-destination?post=27955"},{"taxonomy":"news-source","embeddable":true,"href":"https:\/\/www.ilmercoledi.news\/ilmercoledi\/news\/wp-json\/wp\/v2\/news-source?post=27955"},{"taxonomy":"is_homepage","embeddable":true,"href":"https:\/\/www.ilmercoledi.news\/ilmercoledi\/news\/wp-json\/wp\/v2\/is_homepage?post=27955"},{"taxonomy":"ta_other","embeddable":true,"href":"https:\/\/www.ilmercoledi.news\/ilmercoledi\/news\/wp-json\/wp\/v2\/ta_other?post=27955"}],"curies":[{"name":"wp","href":"https:\/\/api.w.org\/{rel}","templated":true}]}}