{"id":27959,"date":"2020-03-03T14:12:28","date_gmt":"2020-03-03T13:12:28","guid":{"rendered":"http:\/\/euwps02.tecnavia.com\/ilmercoledi\/news\/?p=27959"},"modified":"2020-03-03T14:12:30","modified_gmt":"2020-03-03T13:12:30","slug":"15-rally-ronde-del-canavese-arrivato-il-via-libera-da-aci-sport-consiglio-dei-ministri-e-regione-piemonte","status":"publish","type":"post","link":"https:\/\/www.ilmercoledi.news\/2020\/03\/03\/15-rally-ronde-del-canavese-arrivato-il-via-libera-da-aci-sport-consiglio-dei-ministri-e-regione-piemonte\/","title":{"rendered":"15\u00b0 Rally Ronde del Canavese: arrivato il via libera da ACI Sport Consiglio dei Ministri e Regione Piemonte"},"content":{"rendered":"<p>Dopo il parere positivo di Aci Sport, anche da Regione Piemonte e Coni sono giunte le indicazioni per il regolare svolgimento della 15\u00b0 Rally Ronde del Canavese. L\u2019appuntamento motoristico originariamente in programma nel week-end fra il 29 Febbraio e il 1\u00b0 Marzo \u00e8 posticipato di una settimana.<br \/>\nResta invariato il programma che prevede le verifiche Tecniche e Sportive a Rivarolo dalle 9.30 alle 12.30, lo shake down dalle 10 alle 14 e la cerimonia di partenza dal piazzale dell\u2019Urban Center di Rivarolo alle ore 19  di Sabato 7 Marzo. Confermate anche le manifestazioni collaterali previste a Cuorgn\u00e8 dove saranno allestiti  Parco Assistenza e Riordino nel giorno della gara. Nella serata di sabato si terr\u00e0 la sfilata dei concorrenti che attraverser\u00e0 il centro storico. Momento particolarmente suggestivo in  piazza Boettocon la rievocazione medioevale del corteo storico del torneo di maggio alla corte di Re Arduino, con la presenza di figuranti in costume medioevali con il Re e la Regina Berta che saluteranno il passaggio delle auto da gara. Tutto come da programma anche la Domenica con i quattro passaggi sulla prova di Pratiglione e l\u2019arrivo finale pochi minuti dopo le 17 con la premiazione sul piazzale dll\u2019Urban Center di Rivarolo.  La sfida cronometrica prender\u00e0 il via la Domenica con i 4 passaggi sulla prova di Pratiglione che in questa edizione risulta sensibilmente allungata nella parte finale.<\/p>\n","protected":false},"excerpt":{"rendered":"","protected":false},"author":10,"featured_media":27960,"comment_status":"open","ping_status":"closed","sticky":false,"template":"","format":"standard","meta":[],"categories":[10],"tags":[],"news-destination":[],"news-source":[],"is_homepage":[],"ta_other":[],"_links":{"self":[{"href":"https:\/\/www.ilmercoledi.news\/ilmercoledi\/news\/wp-json\/wp\/v2\/posts\/27959"}],"collection":[{"href":"https:\/\/www.ilmercoledi.news\/ilmercoledi\/news\/wp-json\/wp\/v2\/posts"}],"about":[{"href":"https:\/\/www.ilmercoledi.news\/ilmercoledi\/news\/wp-json\/wp\/v2\/types\/post"}],"author":[{"embeddable":true,"href":"https:\/\/www.ilmercoledi.news\/ilmercoledi\/news\/wp-json\/wp\/v2\/users\/10"}],"replies":[{"embeddable":true,"href":"https:\/\/www.ilmercoledi.news\/ilmercoledi\/news\/wp-json\/wp\/v2\/comments?post=27959"}],"version-history":[{"count":1,"href":"https:\/\/www.ilmercoledi.news\/ilmercoledi\/news\/wp-json\/wp\/v2\/posts\/27959\/revisions"}],"predecessor-version":[{"id":27961,"href":"https:\/\/www.ilmercoledi.news\/ilmercoledi\/news\/wp-json\/wp\/v2\/posts\/27959\/revisions\/27961"}],"wp:featuredmedia":[{"embeddable":true,"href":"https:\/\/www.ilmercoledi.news\/ilmercoledi\/news\/wp-json\/wp\/v2\/media\/27960"}],"wp:attachment":[{"href":"https:\/\/www.ilmercoledi.news\/ilmercoledi\/news\/wp-json\/wp\/v2\/media?parent=27959"}],"wp:term":[{"taxonomy":"category","embeddable":true,"href":"https:\/\/www.ilmercoledi.news\/ilmercoledi\/news\/wp-json\/wp\/v2\/categories?post=27959"},{"taxonomy":"post_tag","embeddable":true,"href":"https:\/\/www.ilmercoledi.news\/ilmercoledi\/news\/wp-json\/wp\/v2\/tags?post=27959"},{"taxonomy":"news-destination","embeddable":true,"href":"https:\/\/www.ilmercoledi.news\/ilmercoledi\/news\/wp-json\/wp\/v2\/news-destination?post=27959"},{"taxonomy":"news-source","embeddable":true,"href":"https:\/\/www.ilmercoledi.news\/ilmercoledi\/news\/wp-json\/wp\/v2\/news-source?post=27959"},{"taxonomy":"is_homepage","embeddable":true,"href":"https:\/\/www.ilmercoledi.news\/ilmercoledi\/news\/wp-json\/wp\/v2\/is_homepage?post=27959"},{"taxonomy":"ta_other","embeddable":true,"href":"https:\/\/www.ilmercoledi.news\/ilmercoledi\/news\/wp-json\/wp\/v2\/ta_other?post=27959"}],"curies":[{"name":"wp","href":"https:\/\/api.w.org\/{rel}","templated":true}]}}