{"id":27962,"date":"2020-03-03T14:17:28","date_gmt":"2020-03-03T13:17:28","guid":{"rendered":"http:\/\/euwps02.tecnavia.com\/ilmercoledi\/news\/?p=27962"},"modified":"2020-03-03T14:17:31","modified_gmt":"2020-03-03T13:17:31","slug":"il-nuovo-libro-della-scrittrice-moncalierese-anna-mantovani-e-sul-pezzo-i-draghi-si-risvegliano-e-portano-una-pandemia-mortale","status":"publish","type":"post","link":"https:\/\/www.ilmercoledi.news\/2020\/03\/03\/il-nuovo-libro-della-scrittrice-moncalierese-anna-mantovani-e-sul-pezzo-i-draghi-si-risvegliano-e-portano-una-pandemia-mortale\/","title":{"rendered":"Il nuovo libro della scrittrice moncalierese Anna Mantovani \u00e8 \u00absul pezzo\u00bb: i draghi si risvegliano e portano una pandemia mortale"},"content":{"rendered":"<p>MONCALIERI &#8211; E\u2019 uscito il romanzo distopico di Anna Mantovani, che affronta il tema della pandemia in chiave fantascientifica e fantasy Ai margini della megalopoli di Europa, l&#8217;ultima citt\u00e0 rimasta dopo una guerra nucleare, gli scienziati hanno scoperto delle uova preistoriche di drago. Il contatto con queste creature ha portato alla diffusione di una pandemia letale che ha decimato la popolazione e trasformato i sopravvissuti in mutanti violenti e coperti di squame, che si ribellano all&#8217;ordine costituito. Sophie, una giovane dottoressa, incontra una donna anziana, Emma, che \u00e8 miracolosamente guarita dalla peste di drago, e il cui sangue potrebbe essere la chiave per un vaccino. Per sfuggire all&#8217;arresto, Sophie fugge con lei attraverso la citt\u00e0. Nel frattempo Erik, un poliziotto, si mette sulle tracce delle fuggitive; mentre Sophie ed Erik affrontano il loro viaggio dovranno mettere in discussione le proprie certezze, mentre nuovi dubbi li assaliranno: chi \u00e8 il misterioso Generale, leader dei sopravvissuti ribelli? I draghi sono mostri sanguinari o creature intelligenti? E qual \u00e8 il segreto che il governo ha nascosto per tutto il tempo? Anna Mantovani \u00e8 nata a Torino e vive a Moncalieri. \u00c8 laureata in Ingegneria del Cinema e dei Mezzi di Comunicazione e lavora nel settore ferroviario; suona nel duo elettronico \u201cSedona\u201d e insieme alla sorella Maria Carla gestisce il blog letterario \u201cThe Mantovanis\u201d.<\/p>\n","protected":false},"excerpt":{"rendered":"","protected":false},"author":10,"featured_media":18160,"comment_status":"open","ping_status":"closed","sticky":false,"template":"","format":"standard","meta":[],"categories":[34,9],"tags":[],"news-destination":[],"news-source":[],"is_homepage":[],"ta_other":[],"_links":{"self":[{"href":"https:\/\/www.ilmercoledi.news\/ilmercoledi\/news\/wp-json\/wp\/v2\/posts\/27962"}],"collection":[{"href":"https:\/\/www.ilmercoledi.news\/ilmercoledi\/news\/wp-json\/wp\/v2\/posts"}],"about":[{"href":"https:\/\/www.ilmercoledi.news\/ilmercoledi\/news\/wp-json\/wp\/v2\/types\/post"}],"author":[{"embeddable":true,"href":"https:\/\/www.ilmercoledi.news\/ilmercoledi\/news\/wp-json\/wp\/v2\/users\/10"}],"replies":[{"embeddable":true,"href":"https:\/\/www.ilmercoledi.news\/ilmercoledi\/news\/wp-json\/wp\/v2\/comments?post=27962"}],"version-history":[{"count":1,"href":"https:\/\/www.ilmercoledi.news\/ilmercoledi\/news\/wp-json\/wp\/v2\/posts\/27962\/revisions"}],"predecessor-version":[{"id":27963,"href":"https:\/\/www.ilmercoledi.news\/ilmercoledi\/news\/wp-json\/wp\/v2\/posts\/27962\/revisions\/27963"}],"wp:featuredmedia":[{"embeddable":true,"href":"https:\/\/www.ilmercoledi.news\/ilmercoledi\/news\/wp-json\/wp\/v2\/media\/18160"}],"wp:attachment":[{"href":"https:\/\/www.ilmercoledi.news\/ilmercoledi\/news\/wp-json\/wp\/v2\/media?parent=27962"}],"wp:term":[{"taxonomy":"category","embeddable":true,"href":"https:\/\/www.ilmercoledi.news\/ilmercoledi\/news\/wp-json\/wp\/v2\/categories?post=27962"},{"taxonomy":"post_tag","embeddable":true,"href":"https:\/\/www.ilmercoledi.news\/ilmercoledi\/news\/wp-json\/wp\/v2\/tags?post=27962"},{"taxonomy":"news-destination","embeddable":true,"href":"https:\/\/www.ilmercoledi.news\/ilmercoledi\/news\/wp-json\/wp\/v2\/news-destination?post=27962"},{"taxonomy":"news-source","embeddable":true,"href":"https:\/\/www.ilmercoledi.news\/ilmercoledi\/news\/wp-json\/wp\/v2\/news-source?post=27962"},{"taxonomy":"is_homepage","embeddable":true,"href":"https:\/\/www.ilmercoledi.news\/ilmercoledi\/news\/wp-json\/wp\/v2\/is_homepage?post=27962"},{"taxonomy":"ta_other","embeddable":true,"href":"https:\/\/www.ilmercoledi.news\/ilmercoledi\/news\/wp-json\/wp\/v2\/ta_other?post=27962"}],"curies":[{"name":"wp","href":"https:\/\/api.w.org\/{rel}","templated":true}]}}