{"id":27981,"date":"2020-03-03T17:24:08","date_gmt":"2020-03-03T16:24:08","guid":{"rendered":"http:\/\/euwps02.tecnavia.com\/ilmercoledi\/news\/?p=27981"},"modified":"2020-03-03T17:24:11","modified_gmt":"2020-03-03T16:24:11","slug":"rally-donetto-e-4-assoluto-al-val-dorcia","status":"publish","type":"post","link":"https:\/\/www.ilmercoledi.news\/2020\/03\/03\/rally-donetto-e-4-assoluto-al-val-dorcia\/","title":{"rendered":"RALLY &#8211; Donetto \u00e8 4\u00b0 assoluto al Val d\u2019Orcia"},"content":{"rendered":"<p>Quarto assoluto. \u00c8 la posizione blindata dal carmagnolese Gianmarco Donetto all\u2019XI Rally Val d\u2019Orcia disputato nel weekend appena trascorso (non quinto quindi come erroneamente indicato sull\u2019edizione cartacea del 27 febbraio). Un ottimo risultato che consente al pilota della scuderia astigiana Eurospeed di essere, almeno per ora, primo nel Campionato di Race Day, complice il ritiro e l\u2019assenza, proprio al Val d\u2019Orcia, degli altri due avversari in corsa per il podio. Bel tempo, fondo duro e compatto le condizioni generali che Donetto ha trovato in Toscana. \u00abUna gara che mi \u00e8 sempre piaciuta e che mi ha sfidato in tre prove completamente nuove &#8211; racconta Donetto -. Pensavo di partire in svantaggio: invece, ho mantenuto concentrazione e tenacia e ce l\u2019ho fatta\u00bb. Inizialmente stabile tra il nono e il decimo posto Donetto, affiancato dal navigatore Eneo Giatti, ha poi azzeccato le gomme giuste sfrecciando cos\u00ec verso la parte alta della classifica. Soddisfazione piena per la vettura, la Skoda Fabia R5, che ha sfoggiato una livrea nuova, dai colori sgargianti. \u00ab\u00c8 piaciuta moltissimo, ho ricevuto tanti complimenti &#8211; prosegue Donetto, in partnership con lo sponsor di famiglia Tunisair -. Grazie al Team Colombi ho guidato una vettura super performante che non ha dato problemi per l\u2019intera gara\u00bb.<br \/>\nProssimo appuntamento per Donetto sar\u00e0 il 14\u00b0 Rally Citt\u00e0 di Arezzo \u2013Crete Senesi e Valtiberina, dal 20 al 22 marzo. \u00abUna gara molto pi\u00f9 lunga, circa 100 km, divisi fra sabato e domenica &#8211; conclude -: ci vorr\u00e0 ancora pi\u00f9 concentrazione\u00bb.<\/p>\n","protected":false},"excerpt":{"rendered":"","protected":false},"author":10,"featured_media":27982,"comment_status":"open","ping_status":"closed","sticky":false,"template":"","format":"standard","meta":[],"categories":[34,10],"tags":[],"news-destination":[],"news-source":[],"is_homepage":[],"ta_other":[],"_links":{"self":[{"href":"https:\/\/www.ilmercoledi.news\/ilmercoledi\/news\/wp-json\/wp\/v2\/posts\/27981"}],"collection":[{"href":"https:\/\/www.ilmercoledi.news\/ilmercoledi\/news\/wp-json\/wp\/v2\/posts"}],"about":[{"href":"https:\/\/www.ilmercoledi.news\/ilmercoledi\/news\/wp-json\/wp\/v2\/types\/post"}],"author":[{"embeddable":true,"href":"https:\/\/www.ilmercoledi.news\/ilmercoledi\/news\/wp-json\/wp\/v2\/users\/10"}],"replies":[{"embeddable":true,"href":"https:\/\/www.ilmercoledi.news\/ilmercoledi\/news\/wp-json\/wp\/v2\/comments?post=27981"}],"version-history":[{"count":1,"href":"https:\/\/www.ilmercoledi.news\/ilmercoledi\/news\/wp-json\/wp\/v2\/posts\/27981\/revisions"}],"predecessor-version":[{"id":27983,"href":"https:\/\/www.ilmercoledi.news\/ilmercoledi\/news\/wp-json\/wp\/v2\/posts\/27981\/revisions\/27983"}],"wp:featuredmedia":[{"embeddable":true,"href":"https:\/\/www.ilmercoledi.news\/ilmercoledi\/news\/wp-json\/wp\/v2\/media\/27982"}],"wp:attachment":[{"href":"https:\/\/www.ilmercoledi.news\/ilmercoledi\/news\/wp-json\/wp\/v2\/media?parent=27981"}],"wp:term":[{"taxonomy":"category","embeddable":true,"href":"https:\/\/www.ilmercoledi.news\/ilmercoledi\/news\/wp-json\/wp\/v2\/categories?post=27981"},{"taxonomy":"post_tag","embeddable":true,"href":"https:\/\/www.ilmercoledi.news\/ilmercoledi\/news\/wp-json\/wp\/v2\/tags?post=27981"},{"taxonomy":"news-destination","embeddable":true,"href":"https:\/\/www.ilmercoledi.news\/ilmercoledi\/news\/wp-json\/wp\/v2\/news-destination?post=27981"},{"taxonomy":"news-source","embeddable":true,"href":"https:\/\/www.ilmercoledi.news\/ilmercoledi\/news\/wp-json\/wp\/v2\/news-source?post=27981"},{"taxonomy":"is_homepage","embeddable":true,"href":"https:\/\/www.ilmercoledi.news\/ilmercoledi\/news\/wp-json\/wp\/v2\/is_homepage?post=27981"},{"taxonomy":"ta_other","embeddable":true,"href":"https:\/\/www.ilmercoledi.news\/ilmercoledi\/news\/wp-json\/wp\/v2\/ta_other?post=27981"}],"curies":[{"name":"wp","href":"https:\/\/api.w.org\/{rel}","templated":true}]}}