{"id":28319,"date":"2020-03-16T07:35:35","date_gmt":"2020-03-16T06:35:35","guid":{"rendered":"http:\/\/euwps02.tecnavia.com\/ilmercoledi\/news\/?p=28319"},"modified":"2020-03-18T23:21:16","modified_gmt":"2020-03-18T22:21:16","slug":"carmagnola-parte-il-servizio-di-consegna-spesa-e-farmaci-a-domicilio-della-croce-rossa","status":"publish","type":"post","link":"https:\/\/www.ilmercoledi.news\/2020\/03\/16\/carmagnola-parte-il-servizio-di-consegna-spesa-e-farmaci-a-domicilio-della-croce-rossa\/","title":{"rendered":"CARMAGNOLA &#8211; Parte il servizio di consegna spesa e farmaci a domicilio della Croce Rossa"},"content":{"rendered":"<p>Sar\u00e0 attivo da mercoled\u00ec 18 Marzo il servizio di spesa e farmaci a domicilio nel comune di Carmagnola, organizzato dalla Croce Rossa locale, per anziani (over 65), persone fragili e immunodepressi.<\/p>\n<p>Si pu\u00f2 chiamare il numero verde \u201cCRI per le persone\u201d 800 &#8211; 065510 (\u00e8 indispensabile passare tramite il numero verde e NON chiamare la sede!)<\/p>\n<p>La consegna dei generi alimentari verr\u00e0 effettuata &#8211; previa accordi &#8211; il luned\u00ec e venerd\u00ec dalle 16 alle 19 e il mercoled\u00ec dalle 9 alle 12.<\/p>\n","protected":false},"excerpt":{"rendered":"","protected":false},"author":11,"featured_media":28320,"comment_status":"open","ping_status":"closed","sticky":false,"template":"","format":"standard","meta":[],"categories":[34],"tags":[],"news-destination":[],"news-source":[],"is_homepage":[],"ta_other":[],"_links":{"self":[{"href":"https:\/\/www.ilmercoledi.news\/ilmercoledi\/news\/wp-json\/wp\/v2\/posts\/28319"}],"collection":[{"href":"https:\/\/www.ilmercoledi.news\/ilmercoledi\/news\/wp-json\/wp\/v2\/posts"}],"about":[{"href":"https:\/\/www.ilmercoledi.news\/ilmercoledi\/news\/wp-json\/wp\/v2\/types\/post"}],"author":[{"embeddable":true,"href":"https:\/\/www.ilmercoledi.news\/ilmercoledi\/news\/wp-json\/wp\/v2\/users\/11"}],"replies":[{"embeddable":true,"href":"https:\/\/www.ilmercoledi.news\/ilmercoledi\/news\/wp-json\/wp\/v2\/comments?post=28319"}],"version-history":[{"count":1,"href":"https:\/\/www.ilmercoledi.news\/ilmercoledi\/news\/wp-json\/wp\/v2\/posts\/28319\/revisions"}],"predecessor-version":[{"id":28321,"href":"https:\/\/www.ilmercoledi.news\/ilmercoledi\/news\/wp-json\/wp\/v2\/posts\/28319\/revisions\/28321"}],"wp:featuredmedia":[{"embeddable":true,"href":"https:\/\/www.ilmercoledi.news\/ilmercoledi\/news\/wp-json\/wp\/v2\/media\/28320"}],"wp:attachment":[{"href":"https:\/\/www.ilmercoledi.news\/ilmercoledi\/news\/wp-json\/wp\/v2\/media?parent=28319"}],"wp:term":[{"taxonomy":"category","embeddable":true,"href":"https:\/\/www.ilmercoledi.news\/ilmercoledi\/news\/wp-json\/wp\/v2\/categories?post=28319"},{"taxonomy":"post_tag","embeddable":true,"href":"https:\/\/www.ilmercoledi.news\/ilmercoledi\/news\/wp-json\/wp\/v2\/tags?post=28319"},{"taxonomy":"news-destination","embeddable":true,"href":"https:\/\/www.ilmercoledi.news\/ilmercoledi\/news\/wp-json\/wp\/v2\/news-destination?post=28319"},{"taxonomy":"news-source","embeddable":true,"href":"https:\/\/www.ilmercoledi.news\/ilmercoledi\/news\/wp-json\/wp\/v2\/news-source?post=28319"},{"taxonomy":"is_homepage","embeddable":true,"href":"https:\/\/www.ilmercoledi.news\/ilmercoledi\/news\/wp-json\/wp\/v2\/is_homepage?post=28319"},{"taxonomy":"ta_other","embeddable":true,"href":"https:\/\/www.ilmercoledi.news\/ilmercoledi\/news\/wp-json\/wp\/v2\/ta_other?post=28319"}],"curies":[{"name":"wp","href":"https:\/\/api.w.org\/{rel}","templated":true}]}}