{"id":28358,"date":"2020-03-16T16:13:39","date_gmt":"2020-03-16T15:13:39","guid":{"rendered":"http:\/\/euwps02.tecnavia.com\/ilmercoledi\/news\/?p=28358"},"modified":"2020-03-18T23:21:16","modified_gmt":"2020-03-18T22:21:16","slug":"solidarieta-raccolta-fondi-per-i-senza-fissa-dimora","status":"publish","type":"post","link":"https:\/\/www.ilmercoledi.news\/2020\/03\/16\/solidarieta-raccolta-fondi-per-i-senza-fissa-dimora\/","title":{"rendered":"SOLIDARIETA&#8217; &#8211; Raccolta fondi per i senza fissa dimora"},"content":{"rendered":"<p>In queste settimane in cui dovunque leggiamo e scriviamo #iorestoacasa \u2013 perch\u00e9 rimanere nel proprio domicilio \u00e8 indispensabile per contenere gli effetti dell&#8217;epidemia di coronavirus \u2013 c&#8217;\u00e8 chi a casa non pu\u00f2 stare, semplicemente perch\u00e9 una casa non ce l&#8217;ha: sono le persone senza dimora. A loro \u00e8 destinata una campagna per la raccolta di fondi, a cui si pu\u00f2 partecipare collegandosi al sito https:\/\/www.eppela.com\/it\/projects\/27317-io-non-posso-restare-a-casa-come-devo-fare. La campagna &#8211; che la Citt\u00e0 metropolitana di Torino sostiene e rilancia &#8211; \u00e8 stata aperta dalla Federazione Italiana Organismi per le Persone senza Dimora-fio.PSD che a Torino conta tra i suoi soci anche il Comune, la Caritas diocesana e diverse cooperative; li supporta Eppel\u00e0, una realt\u00e0 che si occupa di crowdfunding e che si \u00e8 messa a disposizione gratuitamente per raccogliere fondi destinati all&#8217;acquisto di materiali utili per affrontare l&#8217;emergenza sanitaria (mascherine, tute, termometri&#8230;) e al supporto dei presidi sanitari.Come scrivono gli organizzatori, &#8220;con l&#8217;emergenza coronavirus, i senza dimora vivono una situazione rischiosa per loro e per tutti. Non chiudiamo i Servizi, aiutiamoli!&#8221;.\u00c8 nell&#8217;interesse di tutti consentire anche ai pi\u00f9 fragili il rispetto delle misure sanitarie in vigore, facendo in modo che nessuno debba rimanere per strada senza supporto o controllo.I soldi raccolti saranno destinati a tenere i servizi aperti oltre il normale orario e a tutelare le persone senza dimora, oltre agli operatori che li seguono, dotandole di mascherine e tute laddove necessario, e provvedendo loro ci\u00f2 che serve affinch\u00e9 non siano costretti a lasciare le strutture di accoglienza.<\/p>\n","protected":false},"excerpt":{"rendered":"","protected":false},"author":11,"featured_media":10400,"comment_status":"open","ping_status":"closed","sticky":false,"template":"","format":"standard","meta":[],"categories":[34],"tags":[],"news-destination":[],"news-source":[],"is_homepage":[],"ta_other":[],"_links":{"self":[{"href":"https:\/\/www.ilmercoledi.news\/ilmercoledi\/news\/wp-json\/wp\/v2\/posts\/28358"}],"collection":[{"href":"https:\/\/www.ilmercoledi.news\/ilmercoledi\/news\/wp-json\/wp\/v2\/posts"}],"about":[{"href":"https:\/\/www.ilmercoledi.news\/ilmercoledi\/news\/wp-json\/wp\/v2\/types\/post"}],"author":[{"embeddable":true,"href":"https:\/\/www.ilmercoledi.news\/ilmercoledi\/news\/wp-json\/wp\/v2\/users\/11"}],"replies":[{"embeddable":true,"href":"https:\/\/www.ilmercoledi.news\/ilmercoledi\/news\/wp-json\/wp\/v2\/comments?post=28358"}],"version-history":[{"count":1,"href":"https:\/\/www.ilmercoledi.news\/ilmercoledi\/news\/wp-json\/wp\/v2\/posts\/28358\/revisions"}],"predecessor-version":[{"id":28359,"href":"https:\/\/www.ilmercoledi.news\/ilmercoledi\/news\/wp-json\/wp\/v2\/posts\/28358\/revisions\/28359"}],"wp:featuredmedia":[{"embeddable":true,"href":"https:\/\/www.ilmercoledi.news\/ilmercoledi\/news\/wp-json\/wp\/v2\/media\/10400"}],"wp:attachment":[{"href":"https:\/\/www.ilmercoledi.news\/ilmercoledi\/news\/wp-json\/wp\/v2\/media?parent=28358"}],"wp:term":[{"taxonomy":"category","embeddable":true,"href":"https:\/\/www.ilmercoledi.news\/ilmercoledi\/news\/wp-json\/wp\/v2\/categories?post=28358"},{"taxonomy":"post_tag","embeddable":true,"href":"https:\/\/www.ilmercoledi.news\/ilmercoledi\/news\/wp-json\/wp\/v2\/tags?post=28358"},{"taxonomy":"news-destination","embeddable":true,"href":"https:\/\/www.ilmercoledi.news\/ilmercoledi\/news\/wp-json\/wp\/v2\/news-destination?post=28358"},{"taxonomy":"news-source","embeddable":true,"href":"https:\/\/www.ilmercoledi.news\/ilmercoledi\/news\/wp-json\/wp\/v2\/news-source?post=28358"},{"taxonomy":"is_homepage","embeddable":true,"href":"https:\/\/www.ilmercoledi.news\/ilmercoledi\/news\/wp-json\/wp\/v2\/is_homepage?post=28358"},{"taxonomy":"ta_other","embeddable":true,"href":"https:\/\/www.ilmercoledi.news\/ilmercoledi\/news\/wp-json\/wp\/v2\/ta_other?post=28358"}],"curies":[{"name":"wp","href":"https:\/\/api.w.org\/{rel}","templated":true}]}}