{"id":28369,"date":"2020-03-17T14:38:26","date_gmt":"2020-03-17T13:38:26","guid":{"rendered":"http:\/\/euwps02.tecnavia.com\/ilmercoledi\/news\/?p=28369"},"modified":"2020-03-18T23:21:16","modified_gmt":"2020-03-18T22:21:16","slug":"coronavirus-cancellato-il-salone-del-libro-cirio-solo-un-rinvio","status":"publish","type":"post","link":"https:\/\/www.ilmercoledi.news\/2020\/03\/17\/coronavirus-cancellato-il-salone-del-libro-cirio-solo-un-rinvio\/","title":{"rendered":"CORONAVIRUS \u2013 Cancellato il salone del libro, Cirio \u201cSolo un rinvio\u201d"},"content":{"rendered":"<p>Il presidente della Regione,\u00a0Alberto Cirio, e l\u2019assessore alla Cultura,\u00a0Vittoria Poggio, ritengono che \u201cil rinvio dell\u2019ormai imminente Salone Internazionale del Libro di Torino sia stata una decisione corale tanto giusta quanto sofferta, se si considera il valore e l\u2019eccellenza di questo nostro tradizionale evento all\u2019interno del sistema culturale italiano e nel panorama internazionale. Un classico appuntamento che presenta altres\u00ec molte ricadute positive per quanto riguarda anche il nostro turismo e commercio\u201d. Dopo aver rilevato che \u201csi \u00e8 doverosamente privilegiata la sicurezza e la salute del pubblico, degli espositori e di tutto il personale che vi lavora con straordinaria passione durante ogni edizione\u201d, Cirio e Poggio hanno voluto garantire che \u201c\u00e8 solo un rinvio, perch\u00e9 siamo determinati a ripartire con maggiore forza ed entusiasmo, non appena sar\u00e0 terminata questa emergenza sanitaria, con un Salone nuovo e un maggior apporto di tutta la nostra stupenda nazione, all\u2019insegna di un vero e proprio Rinascimento culturale, umano, sociale ed economico\u201d.<\/p>\n","protected":false},"excerpt":{"rendered":"","protected":false},"author":11,"featured_media":18530,"comment_status":"open","ping_status":"closed","sticky":false,"template":"","format":"standard","meta":[],"categories":[9],"tags":[],"news-destination":[],"news-source":[],"is_homepage":[],"ta_other":[],"_links":{"self":[{"href":"https:\/\/www.ilmercoledi.news\/ilmercoledi\/news\/wp-json\/wp\/v2\/posts\/28369"}],"collection":[{"href":"https:\/\/www.ilmercoledi.news\/ilmercoledi\/news\/wp-json\/wp\/v2\/posts"}],"about":[{"href":"https:\/\/www.ilmercoledi.news\/ilmercoledi\/news\/wp-json\/wp\/v2\/types\/post"}],"author":[{"embeddable":true,"href":"https:\/\/www.ilmercoledi.news\/ilmercoledi\/news\/wp-json\/wp\/v2\/users\/11"}],"replies":[{"embeddable":true,"href":"https:\/\/www.ilmercoledi.news\/ilmercoledi\/news\/wp-json\/wp\/v2\/comments?post=28369"}],"version-history":[{"count":1,"href":"https:\/\/www.ilmercoledi.news\/ilmercoledi\/news\/wp-json\/wp\/v2\/posts\/28369\/revisions"}],"predecessor-version":[{"id":28370,"href":"https:\/\/www.ilmercoledi.news\/ilmercoledi\/news\/wp-json\/wp\/v2\/posts\/28369\/revisions\/28370"}],"wp:featuredmedia":[{"embeddable":true,"href":"https:\/\/www.ilmercoledi.news\/ilmercoledi\/news\/wp-json\/wp\/v2\/media\/18530"}],"wp:attachment":[{"href":"https:\/\/www.ilmercoledi.news\/ilmercoledi\/news\/wp-json\/wp\/v2\/media?parent=28369"}],"wp:term":[{"taxonomy":"category","embeddable":true,"href":"https:\/\/www.ilmercoledi.news\/ilmercoledi\/news\/wp-json\/wp\/v2\/categories?post=28369"},{"taxonomy":"post_tag","embeddable":true,"href":"https:\/\/www.ilmercoledi.news\/ilmercoledi\/news\/wp-json\/wp\/v2\/tags?post=28369"},{"taxonomy":"news-destination","embeddable":true,"href":"https:\/\/www.ilmercoledi.news\/ilmercoledi\/news\/wp-json\/wp\/v2\/news-destination?post=28369"},{"taxonomy":"news-source","embeddable":true,"href":"https:\/\/www.ilmercoledi.news\/ilmercoledi\/news\/wp-json\/wp\/v2\/news-source?post=28369"},{"taxonomy":"is_homepage","embeddable":true,"href":"https:\/\/www.ilmercoledi.news\/ilmercoledi\/news\/wp-json\/wp\/v2\/is_homepage?post=28369"},{"taxonomy":"ta_other","embeddable":true,"href":"https:\/\/www.ilmercoledi.news\/ilmercoledi\/news\/wp-json\/wp\/v2\/ta_other?post=28369"}],"curies":[{"name":"wp","href":"https:\/\/api.w.org\/{rel}","templated":true}]}}