{"id":28857,"date":"2020-03-31T07:33:31","date_gmt":"2020-03-31T05:33:31","guid":{"rendered":"https:\/\/euwps02.newsmemory.com\/ilmercoledi\/news\/?p=28857"},"modified":"2020-03-31T07:33:35","modified_gmt":"2020-03-31T05:33:35","slug":"regione-ex-embraco-puo-fabbricare-respiratori","status":"publish","type":"post","link":"https:\/\/www.ilmercoledi.news\/2020\/03\/31\/regione-ex-embraco-puo-fabbricare-respiratori\/","title":{"rendered":"REGIONE &#8211; &#8220;Ex Embraco pu\u00f2 fabbricare respiratori&#8221;"},"content":{"rendered":"<p>Nel futuro immediato i lavoratori dell\u2019ex Embraco di Riva presso Chieri potrebbero fabbricare respiratori, mascherine e materiale necessario ad affrontare l\u2019emergenza e, finalmente, di ripartire dopo mesi di stallo offrendo anche un contributo prezioso al sistema Piemonte e alle strutture sanitarie che in questi giorni sono estremamente sotto stress per la lotta al Coronavirus.<\/p>\n<p>E\u2019 la proposta che, dopo averla condivisa con i sindacati, il presidente della Regione Alberto Cirio e dall\u2019assessore al Lavoro,\u00a0Elena Chiorino, hanno presentato in una lettera indirizzata al ministro dello Sviluppo economico, Stefano Patuanelli, al commissario straordinario Domenico Arcuri e al sottosegratario Alessandra Todde: \u201cLo stabilimento potrebbe trovare un nuovo avvio una riconversione alla produzione o all\u2019assemblaggio dei dispositivi la cui necessit\u00e0 \u00e8 aumentata esponenzialmente. Si potrebbe altres\u00ec valutare l\u2019impiego di almeno parte delle maestranze, che hanno acquisito un\u2019esperienza ormai consolidata nell\u2019ambito dell\u2019assemblaggio di elementi meccanici, presso altri stabilimenti che hanno necessit\u00e0 di manodopera gi\u00e0 formata. Ci auguriamo di avere un riscontro dal Governo al pi\u00f9 presto. In questo modo, infatti, il Piemonte e l\u2019Italia potrebbero contare su un\u2019importante fabbrica di materiale sanitario, ogni giorno sempre pi\u00f9 carente, riconvertendo anche le professionalit\u00e0 degli attuali lavoratori Ventures che, con il loro know how, potrebbero davvero fare la differenza, tornando sul campo da protagonisti, rilanciando finalmente uno stabilimento che per troppo tempo \u00e8 stato fermo e che, invece, \u00e8 in grado di offrire grandi potenzialit\u00e0 produttive\u201d.<\/p>\n","protected":false},"excerpt":{"rendered":"","protected":false},"author":11,"featured_media":25235,"comment_status":"open","ping_status":"closed","sticky":false,"template":"","format":"standard","meta":[],"categories":[34],"tags":[],"news-destination":[],"news-source":[],"is_homepage":[],"ta_other":[],"_links":{"self":[{"href":"https:\/\/www.ilmercoledi.news\/ilmercoledi\/news\/wp-json\/wp\/v2\/posts\/28857"}],"collection":[{"href":"https:\/\/www.ilmercoledi.news\/ilmercoledi\/news\/wp-json\/wp\/v2\/posts"}],"about":[{"href":"https:\/\/www.ilmercoledi.news\/ilmercoledi\/news\/wp-json\/wp\/v2\/types\/post"}],"author":[{"embeddable":true,"href":"https:\/\/www.ilmercoledi.news\/ilmercoledi\/news\/wp-json\/wp\/v2\/users\/11"}],"replies":[{"embeddable":true,"href":"https:\/\/www.ilmercoledi.news\/ilmercoledi\/news\/wp-json\/wp\/v2\/comments?post=28857"}],"version-history":[{"count":1,"href":"https:\/\/www.ilmercoledi.news\/ilmercoledi\/news\/wp-json\/wp\/v2\/posts\/28857\/revisions"}],"predecessor-version":[{"id":28858,"href":"https:\/\/www.ilmercoledi.news\/ilmercoledi\/news\/wp-json\/wp\/v2\/posts\/28857\/revisions\/28858"}],"wp:featuredmedia":[{"embeddable":true,"href":"https:\/\/www.ilmercoledi.news\/ilmercoledi\/news\/wp-json\/wp\/v2\/media\/25235"}],"wp:attachment":[{"href":"https:\/\/www.ilmercoledi.news\/ilmercoledi\/news\/wp-json\/wp\/v2\/media?parent=28857"}],"wp:term":[{"taxonomy":"category","embeddable":true,"href":"https:\/\/www.ilmercoledi.news\/ilmercoledi\/news\/wp-json\/wp\/v2\/categories?post=28857"},{"taxonomy":"post_tag","embeddable":true,"href":"https:\/\/www.ilmercoledi.news\/ilmercoledi\/news\/wp-json\/wp\/v2\/tags?post=28857"},{"taxonomy":"news-destination","embeddable":true,"href":"https:\/\/www.ilmercoledi.news\/ilmercoledi\/news\/wp-json\/wp\/v2\/news-destination?post=28857"},{"taxonomy":"news-source","embeddable":true,"href":"https:\/\/www.ilmercoledi.news\/ilmercoledi\/news\/wp-json\/wp\/v2\/news-source?post=28857"},{"taxonomy":"is_homepage","embeddable":true,"href":"https:\/\/www.ilmercoledi.news\/ilmercoledi\/news\/wp-json\/wp\/v2\/is_homepage?post=28857"},{"taxonomy":"ta_other","embeddable":true,"href":"https:\/\/www.ilmercoledi.news\/ilmercoledi\/news\/wp-json\/wp\/v2\/ta_other?post=28857"}],"curies":[{"name":"wp","href":"https:\/\/api.w.org\/{rel}","templated":true}]}}