{"id":28880,"date":"2020-03-31T11:37:17","date_gmt":"2020-03-31T09:37:17","guid":{"rendered":"https:\/\/euwps02.newsmemory.com\/ilmercoledi\/news\/?p=28880"},"modified":"2020-03-31T11:37:19","modified_gmt":"2020-03-31T09:37:19","slug":"il-re-dei-virus-per-i-bambini","status":"publish","type":"post","link":"https:\/\/www.ilmercoledi.news\/2020\/03\/31\/il-re-dei-virus-per-i-bambini\/","title":{"rendered":"Il Re dei Virus per i bambini"},"content":{"rendered":"<p>Io e il re dei virus. Il servizio di Psicologia dell&#8217;Asl To5 ha realizzato un libricino per aiutare bambini e genitori a superare questo delicato momento.<\/p>\n<p>\u201cI bambini \u2013 spiega la psicologa dell\u2019Asl TO5, Monica Audisio\u00a0&#8211;\u00a0 hanno bisogno di sapere cosa sta succedendo, si fidano di mamma e\u00a0pap\u00e0 ed \u00e8 da loro che si aspettano spiegazioni e rassicurazioni. \u00c8 fondamentale,\u00a0quindi, non tradire la loro fiducia e rispondere con sensibilit\u00e0, modulando parole e\u00a0informazioni a seconda delle et\u00e0 e cercando di tenere viva la speranza.<\/p>\n<p>Questo libretto \u00e8 stato pensato per i bambini di et\u00e0 prescolare e del ciclo della\u00a0scuola primaria. Soprattutto per i pi\u00f9 piccoli, \u00e8 importante l\u2019accompagnamento\u00a0degli adulti nelle attivit\u00e0. Per il genitore questa sar\u00e0 un\u2019occasione preziosa per avvicinarsi in punta di piedi al\u00a0mondo interno del proprio figlio scoprendone, magari, nuove sfumature.<\/p>\n<p>Il libretto \u00e8 strutturato in tre parti: nella prima parte il bambino si presenta, nella\u00a0seconda si confronta con l\u2019attualit\u00e0 del Coronavirus e nella terza familiarizza con le\u00a0emozioni ed i vissuti legati ad un\u2019esperienza nuova e dai contorni incerti.<\/p>\n<p>Sotto il link al libretto<\/p>\n<p><a href=\"https:\/\/www.ilmercoledi.news\/ilmercoledi\/news\/wp-content\/uploads\/sites\/3\/2020\/03\/Il-Re-dei-Virus.pdf\">Il Re dei Virus<\/a><\/p>\n","protected":false},"excerpt":{"rendered":"","protected":false},"author":7,"featured_media":28885,"comment_status":"open","ping_status":"closed","sticky":false,"template":"","format":"standard","meta":[],"categories":[34],"tags":[115,462,503,528],"news-destination":[],"news-source":[],"is_homepage":[],"ta_other":[],"_links":{"self":[{"href":"https:\/\/www.ilmercoledi.news\/ilmercoledi\/news\/wp-json\/wp\/v2\/posts\/28880"}],"collection":[{"href":"https:\/\/www.ilmercoledi.news\/ilmercoledi\/news\/wp-json\/wp\/v2\/posts"}],"about":[{"href":"https:\/\/www.ilmercoledi.news\/ilmercoledi\/news\/wp-json\/wp\/v2\/types\/post"}],"author":[{"embeddable":true,"href":"https:\/\/www.ilmercoledi.news\/ilmercoledi\/news\/wp-json\/wp\/v2\/users\/7"}],"replies":[{"embeddable":true,"href":"https:\/\/www.ilmercoledi.news\/ilmercoledi\/news\/wp-json\/wp\/v2\/comments?post=28880"}],"version-history":[{"count":1,"href":"https:\/\/www.ilmercoledi.news\/ilmercoledi\/news\/wp-json\/wp\/v2\/posts\/28880\/revisions"}],"predecessor-version":[{"id":28886,"href":"https:\/\/www.ilmercoledi.news\/ilmercoledi\/news\/wp-json\/wp\/v2\/posts\/28880\/revisions\/28886"}],"wp:featuredmedia":[{"embeddable":true,"href":"https:\/\/www.ilmercoledi.news\/ilmercoledi\/news\/wp-json\/wp\/v2\/media\/28885"}],"wp:attachment":[{"href":"https:\/\/www.ilmercoledi.news\/ilmercoledi\/news\/wp-json\/wp\/v2\/media?parent=28880"}],"wp:term":[{"taxonomy":"category","embeddable":true,"href":"https:\/\/www.ilmercoledi.news\/ilmercoledi\/news\/wp-json\/wp\/v2\/categories?post=28880"},{"taxonomy":"post_tag","embeddable":true,"href":"https:\/\/www.ilmercoledi.news\/ilmercoledi\/news\/wp-json\/wp\/v2\/tags?post=28880"},{"taxonomy":"news-destination","embeddable":true,"href":"https:\/\/www.ilmercoledi.news\/ilmercoledi\/news\/wp-json\/wp\/v2\/news-destination?post=28880"},{"taxonomy":"news-source","embeddable":true,"href":"https:\/\/www.ilmercoledi.news\/ilmercoledi\/news\/wp-json\/wp\/v2\/news-source?post=28880"},{"taxonomy":"is_homepage","embeddable":true,"href":"https:\/\/www.ilmercoledi.news\/ilmercoledi\/news\/wp-json\/wp\/v2\/is_homepage?post=28880"},{"taxonomy":"ta_other","embeddable":true,"href":"https:\/\/www.ilmercoledi.news\/ilmercoledi\/news\/wp-json\/wp\/v2\/ta_other?post=28880"}],"curies":[{"name":"wp","href":"https:\/\/api.w.org\/{rel}","templated":true}]}}