{"id":28933,"date":"2020-04-01T15:36:40","date_gmt":"2020-04-01T13:36:40","guid":{"rendered":"https:\/\/euwps02.newsmemory.com\/ilmercoledi\/news\/?p=28933"},"modified":"2020-04-01T15:36:43","modified_gmt":"2020-04-01T13:36:43","slug":"virus-regione-chiede-ai-sindaci-di-mappare-il-mondo-dei-servizi-della-prima-infanzia","status":"publish","type":"post","link":"https:\/\/www.ilmercoledi.news\/2020\/04\/01\/virus-regione-chiede-ai-sindaci-di-mappare-il-mondo-dei-servizi-della-prima-infanzia\/","title":{"rendered":"VIRUS &#8211; Regione chiede ai sindaci di mappare il mondo dei servizi della prima infanzia"},"content":{"rendered":"<p>La Regione Piemonte ha scritto ai Sindaci piemontesi per censire i servizi che erogano attivit\u00e0 educative per la prima infanzia e che in questa emergenza epidemiologica stanno attraversando un momento di grande difficolt\u00e0 a causa dell\u2019obbligo di chiusura e del mancato introito delle rette. La Regione Piemonte ha inoltre necessit\u00e0 di censire con precisione il numero dei bambini che usufruiscono di questi servizi, per la fascia di et\u00e0 0-2 e 3-6 anni a pagamento per programmare azioni di supporto a favore delle loro famiglie. La speranza \u00e8 che anche i professionisti del settore riescano ad accedere a contributi per far ripartire l&#8217;attivit\u00e0.<\/p>\n","protected":false},"excerpt":{"rendered":"","protected":false},"author":11,"featured_media":8892,"comment_status":"open","ping_status":"closed","sticky":false,"template":"","format":"standard","meta":[],"categories":[34],"tags":[],"news-destination":[],"news-source":[],"is_homepage":[],"ta_other":[],"_links":{"self":[{"href":"https:\/\/www.ilmercoledi.news\/ilmercoledi\/news\/wp-json\/wp\/v2\/posts\/28933"}],"collection":[{"href":"https:\/\/www.ilmercoledi.news\/ilmercoledi\/news\/wp-json\/wp\/v2\/posts"}],"about":[{"href":"https:\/\/www.ilmercoledi.news\/ilmercoledi\/news\/wp-json\/wp\/v2\/types\/post"}],"author":[{"embeddable":true,"href":"https:\/\/www.ilmercoledi.news\/ilmercoledi\/news\/wp-json\/wp\/v2\/users\/11"}],"replies":[{"embeddable":true,"href":"https:\/\/www.ilmercoledi.news\/ilmercoledi\/news\/wp-json\/wp\/v2\/comments?post=28933"}],"version-history":[{"count":1,"href":"https:\/\/www.ilmercoledi.news\/ilmercoledi\/news\/wp-json\/wp\/v2\/posts\/28933\/revisions"}],"predecessor-version":[{"id":28934,"href":"https:\/\/www.ilmercoledi.news\/ilmercoledi\/news\/wp-json\/wp\/v2\/posts\/28933\/revisions\/28934"}],"wp:featuredmedia":[{"embeddable":true,"href":"https:\/\/www.ilmercoledi.news\/ilmercoledi\/news\/wp-json\/wp\/v2\/media\/8892"}],"wp:attachment":[{"href":"https:\/\/www.ilmercoledi.news\/ilmercoledi\/news\/wp-json\/wp\/v2\/media?parent=28933"}],"wp:term":[{"taxonomy":"category","embeddable":true,"href":"https:\/\/www.ilmercoledi.news\/ilmercoledi\/news\/wp-json\/wp\/v2\/categories?post=28933"},{"taxonomy":"post_tag","embeddable":true,"href":"https:\/\/www.ilmercoledi.news\/ilmercoledi\/news\/wp-json\/wp\/v2\/tags?post=28933"},{"taxonomy":"news-destination","embeddable":true,"href":"https:\/\/www.ilmercoledi.news\/ilmercoledi\/news\/wp-json\/wp\/v2\/news-destination?post=28933"},{"taxonomy":"news-source","embeddable":true,"href":"https:\/\/www.ilmercoledi.news\/ilmercoledi\/news\/wp-json\/wp\/v2\/news-source?post=28933"},{"taxonomy":"is_homepage","embeddable":true,"href":"https:\/\/www.ilmercoledi.news\/ilmercoledi\/news\/wp-json\/wp\/v2\/is_homepage?post=28933"},{"taxonomy":"ta_other","embeddable":true,"href":"https:\/\/www.ilmercoledi.news\/ilmercoledi\/news\/wp-json\/wp\/v2\/ta_other?post=28933"}],"curies":[{"name":"wp","href":"https:\/\/api.w.org\/{rel}","templated":true}]}}