{"id":28969,"date":"2020-04-02T15:49:55","date_gmt":"2020-04-02T13:49:55","guid":{"rendered":"https:\/\/euwps02.newsmemory.com\/ilmercoledi\/news\/?p=28969"},"modified":"2020-04-02T15:49:59","modified_gmt":"2020-04-02T13:49:59","slug":"nichelino-buoni-spesa-da-400-euro-per-le-famiglie-in-difficolta","status":"publish","type":"post","link":"https:\/\/www.ilmercoledi.news\/2020\/04\/02\/nichelino-buoni-spesa-da-400-euro-per-le-famiglie-in-difficolta\/","title":{"rendered":"NICHELINO &#8211; Buoni spesa da 400 euro per le famiglie in difficolt\u00e0"},"content":{"rendered":"<p>Anche Nichelino si organizza per la distribuzione di viveri alla popolazione, grazie ai soldi arrivati dal governo. I nuclei famigliari potranno avere a disposizione dei buoni spesa, per il cui utilizzo si seguiranno alcune linee guida.<\/p>\n<p>Innanzitutto, l&#8217;erogazione di tagliandi per l\u2019acquisto di generi di prima necessit\u00e0 saranno pari ad un importo massimo di 400 euro per nucleo familiare. I buoni potranno essere spesi presso gli esercizi commerciali di Nichelino che aderiscono al progetto.<\/p>\n<p>Le domande potranno essere inviate all\u2019indirizzo mail: solidarieta.sociale@comune.nichelino.to.it oppure consegnate, nel rispetto delle disposizioni di distanziamento personale vigenti al momento, nei seguenti punti di raccolta: ufficio anagrafe Piazza Camandona n. 1, dal luned\u00ec al venerd\u00ec dalle 8,30 alle 10,30centro servizi La Torre via del Pascolo n. 13\/A, nei giorni marted\u00ec e gioved\u00ec dalle 9 alle 12<\/p>\n<p>La modulistica per le domande pu\u00f2 essere ritirata in forma cartacea presso l&#8217;ufficio anagrafe di Piazza Camandona 1, dal luned\u00ec al venerd\u00ec dalle 8,30 alle 10,30. Oppure al centro servizi La Torre, in via del Pascolo n. 13\/A nei giorni marted\u00ec e gioved\u00ec dalle 9 alle 12<\/p>\n<p>Gli esercizi commerciali aderenti saranno iscritti nell&#8217;elenco comunale che verr\u00e0 pubblicato sul sito del comune di Nichelino.In considerazione dell\u2019emergenza umanitaria \u00e8 auspicabile l\u2019applicazione di uno sconto da parte degli esercizi commerciali.La scelta dell\u2019esercizio commerciale tra quelli aderenti all\u2019iniziativa \u00e8 rimesso alla libera scelta dei beneficiari.<\/p>\n","protected":false},"excerpt":{"rendered":"","protected":false},"author":11,"featured_media":28970,"comment_status":"open","ping_status":"closed","sticky":false,"template":"","format":"standard","meta":[],"categories":[34],"tags":[],"news-destination":[],"news-source":[],"is_homepage":[],"ta_other":[],"_links":{"self":[{"href":"https:\/\/www.ilmercoledi.news\/ilmercoledi\/news\/wp-json\/wp\/v2\/posts\/28969"}],"collection":[{"href":"https:\/\/www.ilmercoledi.news\/ilmercoledi\/news\/wp-json\/wp\/v2\/posts"}],"about":[{"href":"https:\/\/www.ilmercoledi.news\/ilmercoledi\/news\/wp-json\/wp\/v2\/types\/post"}],"author":[{"embeddable":true,"href":"https:\/\/www.ilmercoledi.news\/ilmercoledi\/news\/wp-json\/wp\/v2\/users\/11"}],"replies":[{"embeddable":true,"href":"https:\/\/www.ilmercoledi.news\/ilmercoledi\/news\/wp-json\/wp\/v2\/comments?post=28969"}],"version-history":[{"count":1,"href":"https:\/\/www.ilmercoledi.news\/ilmercoledi\/news\/wp-json\/wp\/v2\/posts\/28969\/revisions"}],"predecessor-version":[{"id":28971,"href":"https:\/\/www.ilmercoledi.news\/ilmercoledi\/news\/wp-json\/wp\/v2\/posts\/28969\/revisions\/28971"}],"wp:featuredmedia":[{"embeddable":true,"href":"https:\/\/www.ilmercoledi.news\/ilmercoledi\/news\/wp-json\/wp\/v2\/media\/28970"}],"wp:attachment":[{"href":"https:\/\/www.ilmercoledi.news\/ilmercoledi\/news\/wp-json\/wp\/v2\/media?parent=28969"}],"wp:term":[{"taxonomy":"category","embeddable":true,"href":"https:\/\/www.ilmercoledi.news\/ilmercoledi\/news\/wp-json\/wp\/v2\/categories?post=28969"},{"taxonomy":"post_tag","embeddable":true,"href":"https:\/\/www.ilmercoledi.news\/ilmercoledi\/news\/wp-json\/wp\/v2\/tags?post=28969"},{"taxonomy":"news-destination","embeddable":true,"href":"https:\/\/www.ilmercoledi.news\/ilmercoledi\/news\/wp-json\/wp\/v2\/news-destination?post=28969"},{"taxonomy":"news-source","embeddable":true,"href":"https:\/\/www.ilmercoledi.news\/ilmercoledi\/news\/wp-json\/wp\/v2\/news-source?post=28969"},{"taxonomy":"is_homepage","embeddable":true,"href":"https:\/\/www.ilmercoledi.news\/ilmercoledi\/news\/wp-json\/wp\/v2\/is_homepage?post=28969"},{"taxonomy":"ta_other","embeddable":true,"href":"https:\/\/www.ilmercoledi.news\/ilmercoledi\/news\/wp-json\/wp\/v2\/ta_other?post=28969"}],"curies":[{"name":"wp","href":"https:\/\/api.w.org\/{rel}","templated":true}]}}