{"id":28975,"date":"2020-04-02T15:54:27","date_gmt":"2020-04-02T13:54:27","guid":{"rendered":"https:\/\/euwps02.newsmemory.com\/ilmercoledi\/news\/?p=28975"},"modified":"2020-04-02T15:54:31","modified_gmt":"2020-04-02T13:54:31","slug":"nichelino-un-albero-per-ogni-deceduto-rimasto-senza-funerale","status":"publish","type":"post","link":"https:\/\/www.ilmercoledi.news\/2020\/04\/02\/nichelino-un-albero-per-ogni-deceduto-rimasto-senza-funerale\/","title":{"rendered":"NICHELINO &#8211; Un albero per ogni deceduto rimasto senza funerale"},"content":{"rendered":"<p>Per commemorare chi non ha potuto avere l\u2019ultimo saluto, a Nichelino sar\u00e0 piantato un albero in suo onore.&#8221;Dedicheremo un albero a ogni persona, che a causa delle restrizioni legate all&#8217;epidemia del coronavirus, non ha potuto avere un funerale appropriato. Lo faremo attraverso una apposita cerimonia, appena si potr\u00e0, per celebrarne e tenerne viva la memoria, e per testimoniare quanto la comunit\u00e0 sia vicina ai cari che abbiamo perduto&#8221; A dirlo il sindaco Giampiero Tolardo. Uno degli aspetti pi\u00f9 crudeli di ci\u00f2 che stiamo vivendo \u00e8 quello di non poter rendere onore alla vita delle persone che vengono a mancare. &#8220;Ci sono impediti i riti funebri, ci \u00e8 impedito di salutare e commemorare i cari che stiamo perdendo. Allora proviamo a celebrare l\u2019importanza della vita e onoriamo la loro memoria dedicandogli un albero. Un modo per provare a dirci che ricostruiremo, superata questa crisi, un mondo pi\u00f9 attento alla vita e all\u2019ambiente in cui viviamo&#8221; &#8211; aggiunge l&#8217;assessore all&#8217;Ambiente\u00a0Valentina Cera.<\/p>\n","protected":false},"excerpt":{"rendered":"","protected":false},"author":11,"featured_media":23793,"comment_status":"open","ping_status":"closed","sticky":false,"template":"","format":"standard","meta":[],"categories":[34],"tags":[],"news-destination":[],"news-source":[],"is_homepage":[],"ta_other":[],"_links":{"self":[{"href":"https:\/\/www.ilmercoledi.news\/ilmercoledi\/news\/wp-json\/wp\/v2\/posts\/28975"}],"collection":[{"href":"https:\/\/www.ilmercoledi.news\/ilmercoledi\/news\/wp-json\/wp\/v2\/posts"}],"about":[{"href":"https:\/\/www.ilmercoledi.news\/ilmercoledi\/news\/wp-json\/wp\/v2\/types\/post"}],"author":[{"embeddable":true,"href":"https:\/\/www.ilmercoledi.news\/ilmercoledi\/news\/wp-json\/wp\/v2\/users\/11"}],"replies":[{"embeddable":true,"href":"https:\/\/www.ilmercoledi.news\/ilmercoledi\/news\/wp-json\/wp\/v2\/comments?post=28975"}],"version-history":[{"count":1,"href":"https:\/\/www.ilmercoledi.news\/ilmercoledi\/news\/wp-json\/wp\/v2\/posts\/28975\/revisions"}],"predecessor-version":[{"id":28976,"href":"https:\/\/www.ilmercoledi.news\/ilmercoledi\/news\/wp-json\/wp\/v2\/posts\/28975\/revisions\/28976"}],"wp:featuredmedia":[{"embeddable":true,"href":"https:\/\/www.ilmercoledi.news\/ilmercoledi\/news\/wp-json\/wp\/v2\/media\/23793"}],"wp:attachment":[{"href":"https:\/\/www.ilmercoledi.news\/ilmercoledi\/news\/wp-json\/wp\/v2\/media?parent=28975"}],"wp:term":[{"taxonomy":"category","embeddable":true,"href":"https:\/\/www.ilmercoledi.news\/ilmercoledi\/news\/wp-json\/wp\/v2\/categories?post=28975"},{"taxonomy":"post_tag","embeddable":true,"href":"https:\/\/www.ilmercoledi.news\/ilmercoledi\/news\/wp-json\/wp\/v2\/tags?post=28975"},{"taxonomy":"news-destination","embeddable":true,"href":"https:\/\/www.ilmercoledi.news\/ilmercoledi\/news\/wp-json\/wp\/v2\/news-destination?post=28975"},{"taxonomy":"news-source","embeddable":true,"href":"https:\/\/www.ilmercoledi.news\/ilmercoledi\/news\/wp-json\/wp\/v2\/news-source?post=28975"},{"taxonomy":"is_homepage","embeddable":true,"href":"https:\/\/www.ilmercoledi.news\/ilmercoledi\/news\/wp-json\/wp\/v2\/is_homepage?post=28975"},{"taxonomy":"ta_other","embeddable":true,"href":"https:\/\/www.ilmercoledi.news\/ilmercoledi\/news\/wp-json\/wp\/v2\/ta_other?post=28975"}],"curies":[{"name":"wp","href":"https:\/\/api.w.org\/{rel}","templated":true}]}}