{"id":29193,"date":"2020-04-13T08:47:29","date_gmt":"2020-04-13T06:47:29","guid":{"rendered":"https:\/\/euwps02.newsmemory.com\/ilmercoledi\/news\/?p=29193"},"modified":"2020-04-13T08:47:34","modified_gmt":"2020-04-13T06:47:34","slug":"virus-in-piemonte-salgono-a-quasi-1300-i-pazienti-guariti","status":"publish","type":"post","link":"https:\/\/www.ilmercoledi.news\/2020\/04\/13\/virus-in-piemonte-salgono-a-quasi-1300-i-pazienti-guariti\/","title":{"rendered":"VIRUS &#8211; In PIemonte salgono a quasi 1300 i pazienti guariti"},"content":{"rendered":"<p>L\u2019Unit\u00e0 di Crisi della Regione Piemonte ha comunicato che il numero dei pazienti virologicamente guariti, cio\u00e8 risultati negativi ai due test di verifica al termine della malattia, \u00e8 salito a 1.298 (118 in pi\u00f9 di ieri): 74 (+13) in provincia di Alessandria, 68 (+3) in provincia di Asti, 71 (+2) in provincia di Biella, 124 (+11) in provincia di Cuneo, 93 (+11) in provincia di Novara, 701 (+62) in provincia di Torino, 76 (+8) in provincia di Vercelli, 68 (+5) nel Verbano-Cusio-Ossola, 23 (+3) provenienti da altre regioni. Altri 1.155 sono \u201cin via di guarigione\u201d, ossia negativi al primo tampone di verifica dopo la malattia e in attesa dell\u2019esito del secondo.<\/p>\n","protected":false},"excerpt":{"rendered":"","protected":false},"author":11,"featured_media":28567,"comment_status":"open","ping_status":"closed","sticky":false,"template":"","format":"standard","meta":[],"categories":[34],"tags":[],"news-destination":[],"news-source":[],"is_homepage":[],"ta_other":[],"_links":{"self":[{"href":"https:\/\/www.ilmercoledi.news\/ilmercoledi\/news\/wp-json\/wp\/v2\/posts\/29193"}],"collection":[{"href":"https:\/\/www.ilmercoledi.news\/ilmercoledi\/news\/wp-json\/wp\/v2\/posts"}],"about":[{"href":"https:\/\/www.ilmercoledi.news\/ilmercoledi\/news\/wp-json\/wp\/v2\/types\/post"}],"author":[{"embeddable":true,"href":"https:\/\/www.ilmercoledi.news\/ilmercoledi\/news\/wp-json\/wp\/v2\/users\/11"}],"replies":[{"embeddable":true,"href":"https:\/\/www.ilmercoledi.news\/ilmercoledi\/news\/wp-json\/wp\/v2\/comments?post=29193"}],"version-history":[{"count":1,"href":"https:\/\/www.ilmercoledi.news\/ilmercoledi\/news\/wp-json\/wp\/v2\/posts\/29193\/revisions"}],"predecessor-version":[{"id":29194,"href":"https:\/\/www.ilmercoledi.news\/ilmercoledi\/news\/wp-json\/wp\/v2\/posts\/29193\/revisions\/29194"}],"wp:featuredmedia":[{"embeddable":true,"href":"https:\/\/www.ilmercoledi.news\/ilmercoledi\/news\/wp-json\/wp\/v2\/media\/28567"}],"wp:attachment":[{"href":"https:\/\/www.ilmercoledi.news\/ilmercoledi\/news\/wp-json\/wp\/v2\/media?parent=29193"}],"wp:term":[{"taxonomy":"category","embeddable":true,"href":"https:\/\/www.ilmercoledi.news\/ilmercoledi\/news\/wp-json\/wp\/v2\/categories?post=29193"},{"taxonomy":"post_tag","embeddable":true,"href":"https:\/\/www.ilmercoledi.news\/ilmercoledi\/news\/wp-json\/wp\/v2\/tags?post=29193"},{"taxonomy":"news-destination","embeddable":true,"href":"https:\/\/www.ilmercoledi.news\/ilmercoledi\/news\/wp-json\/wp\/v2\/news-destination?post=29193"},{"taxonomy":"news-source","embeddable":true,"href":"https:\/\/www.ilmercoledi.news\/ilmercoledi\/news\/wp-json\/wp\/v2\/news-source?post=29193"},{"taxonomy":"is_homepage","embeddable":true,"href":"https:\/\/www.ilmercoledi.news\/ilmercoledi\/news\/wp-json\/wp\/v2\/is_homepage?post=29193"},{"taxonomy":"ta_other","embeddable":true,"href":"https:\/\/www.ilmercoledi.news\/ilmercoledi\/news\/wp-json\/wp\/v2\/ta_other?post=29193"}],"curies":[{"name":"wp","href":"https:\/\/api.w.org\/{rel}","templated":true}]}}