{"id":29199,"date":"2020-04-13T08:52:42","date_gmt":"2020-04-13T06:52:42","guid":{"rendered":"https:\/\/euwps02.newsmemory.com\/ilmercoledi\/news\/?p=29199"},"modified":"2020-04-14T09:07:25","modified_gmt":"2020-04-14T07:07:25","slug":"carmagnola-niente-buoni-spesa-per-comprare-le-crocchette-per-cani-e-gatti-la-lav-scrive-al-governo","status":"publish","type":"post","link":"https:\/\/www.ilmercoledi.news\/2020\/04\/13\/carmagnola-niente-buoni-spesa-per-comprare-le-crocchette-per-cani-e-gatti-la-lav-scrive-al-governo\/","title":{"rendered":"CARMAGNOLA &#8211; Niente buoni spesa per comprare le crocchette per cani e gatti: la Lav scrive al Governo"},"content":{"rendered":"<p>Carmagnola esclude gli alimenti degli animali tra la merce acuistabile coni buoni spesa e la Lav scrive al Governo. Oltre alla Citt\u00e0 del peperone, anche altri Comuni in Italia hanno escluso tale possibilit\u00e0: &#8220;Pi\u00f9 di una famiglia su tre in Italia vive con animali &#8211; spiega l&#8217;associazione -,\u00a0 e gi\u00e0 deve sopportare tutto l\u2019anno un\u2019ingiusta IVA al 22% che equipara il cibo per cani e gatti ai beni di lusso, tanto pi\u00f9 le persone prive di reddito o gi\u00e0 assistite dai Servizi Sociali, non a caso destinatarie dei buoni spesa anticipati dal Governo. In queste settimane spesso, se sole, possono contare sull\u2019affetto del cane o del gatto che vive con loro. Chiediamo quindi al Ministro dell\u2019Interno Lamorgese, e ai Prefetti &#8211; spiega la Lav -, di correggere laddove necessario i Comuni che per conto proprio, non vincolati da alcun atto, hanno autonomamente deciso di escludere la spendibilit\u00e0 dei buoni spesa per la parte dovuta all\u2019accudimento di animali che fanno parte, a tutti gli effetti, della famiglia&#8221;.<\/p>\n","protected":false},"excerpt":{"rendered":"","protected":false},"author":11,"featured_media":18485,"comment_status":"open","ping_status":"closed","sticky":false,"template":"","format":"standard","meta":[],"categories":[34],"tags":[],"news-destination":[],"news-source":[],"is_homepage":[],"ta_other":[],"_links":{"self":[{"href":"https:\/\/www.ilmercoledi.news\/ilmercoledi\/news\/wp-json\/wp\/v2\/posts\/29199"}],"collection":[{"href":"https:\/\/www.ilmercoledi.news\/ilmercoledi\/news\/wp-json\/wp\/v2\/posts"}],"about":[{"href":"https:\/\/www.ilmercoledi.news\/ilmercoledi\/news\/wp-json\/wp\/v2\/types\/post"}],"author":[{"embeddable":true,"href":"https:\/\/www.ilmercoledi.news\/ilmercoledi\/news\/wp-json\/wp\/v2\/users\/11"}],"replies":[{"embeddable":true,"href":"https:\/\/www.ilmercoledi.news\/ilmercoledi\/news\/wp-json\/wp\/v2\/comments?post=29199"}],"version-history":[{"count":1,"href":"https:\/\/www.ilmercoledi.news\/ilmercoledi\/news\/wp-json\/wp\/v2\/posts\/29199\/revisions"}],"predecessor-version":[{"id":29200,"href":"https:\/\/www.ilmercoledi.news\/ilmercoledi\/news\/wp-json\/wp\/v2\/posts\/29199\/revisions\/29200"}],"wp:featuredmedia":[{"embeddable":true,"href":"https:\/\/www.ilmercoledi.news\/ilmercoledi\/news\/wp-json\/wp\/v2\/media\/18485"}],"wp:attachment":[{"href":"https:\/\/www.ilmercoledi.news\/ilmercoledi\/news\/wp-json\/wp\/v2\/media?parent=29199"}],"wp:term":[{"taxonomy":"category","embeddable":true,"href":"https:\/\/www.ilmercoledi.news\/ilmercoledi\/news\/wp-json\/wp\/v2\/categories?post=29199"},{"taxonomy":"post_tag","embeddable":true,"href":"https:\/\/www.ilmercoledi.news\/ilmercoledi\/news\/wp-json\/wp\/v2\/tags?post=29199"},{"taxonomy":"news-destination","embeddable":true,"href":"https:\/\/www.ilmercoledi.news\/ilmercoledi\/news\/wp-json\/wp\/v2\/news-destination?post=29199"},{"taxonomy":"news-source","embeddable":true,"href":"https:\/\/www.ilmercoledi.news\/ilmercoledi\/news\/wp-json\/wp\/v2\/news-source?post=29199"},{"taxonomy":"is_homepage","embeddable":true,"href":"https:\/\/www.ilmercoledi.news\/ilmercoledi\/news\/wp-json\/wp\/v2\/is_homepage?post=29199"},{"taxonomy":"ta_other","embeddable":true,"href":"https:\/\/www.ilmercoledi.news\/ilmercoledi\/news\/wp-json\/wp\/v2\/ta_other?post=29199"}],"curies":[{"name":"wp","href":"https:\/\/api.w.org\/{rel}","templated":true}]}}