{"id":2937,"date":"2018-02-21T13:27:54","date_gmt":"2018-02-21T12:27:54","guid":{"rendered":"http:\/\/euwps02.tecnavia.com\/ilmercoledi\/news\/?p=2937"},"modified":"2018-02-21T13:28:51","modified_gmt":"2018-02-21T12:28:51","slug":"moncalieri-ad-asti-spacciare-eroina-arrestato-tunisino","status":"publish","type":"post","link":"https:\/\/www.ilmercoledi.news\/2018\/02\/21\/moncalieri-ad-asti-spacciare-eroina-arrestato-tunisino\/","title":{"rendered":"Da Moncalieri ad Asti per spacciare eroina: arrestato tunisino"},"content":{"rendered":"<p>I Finanzieri della Compagnia di Asti hanno tratto in arresto A.M., 35 anni, di origine tunisina,senza fissa dimora e irregolarmente presente sul territorio dello Stato. Nell\u2019ambito delle attivit\u00e0 finalizzate a contrastare i traffici illeciti in citt\u00e0 e nella provincia, nella serata di domenica \u00e8 stato individuato nei pressi della stazione ferroviaria di Asti un individuo di origine nord africana appena giunto a bordo di un treno regionale proveniente da Moncalieri. Un breve controllo, finalizzato ad accertarne l\u2019identit\u00e0, ha consentito di evidenziare come il soggetto, con una vistosa cicatrice sulla guancia sinistra, privo di documenti e del previsto permesso di soggiorno, fosse in possesso di un piccolo involucro di hashish di circa 16 grammi, che spontaneamente consegnava ai militari.A seguito di quanto emerso, veniva accompagnato in caserma per gli ulteriori accertamenti del caso e, in tale sede, a seguito di un\u2019ispezione pi\u00f9 approfondita, \u00e8 emerso come lo stesso risultasse in possesso di altri tre involucri di plastica risultati poi contenenti 307 dosi di eroina, per un peso complessivo di circa 50 grammi, gi\u00e0 pronte per lo spaccio.In relazione a quanto emerso il giovane \u00e8 stato tratto in arresto ed associato alla Casa di Reclusione di Asti, mentre la competente Autorit\u00e0 Giudiziaria ne ha convalidato l\u2019arresto in carcere<\/p>\n","protected":false},"excerpt":{"rendered":"","protected":false},"author":11,"featured_media":820,"comment_status":"open","ping_status":"closed","sticky":false,"template":"","format":"standard","meta":[],"categories":[8],"tags":[],"news-destination":[],"news-source":[],"is_homepage":[],"ta_other":[],"_links":{"self":[{"href":"https:\/\/www.ilmercoledi.news\/ilmercoledi\/news\/wp-json\/wp\/v2\/posts\/2937"}],"collection":[{"href":"https:\/\/www.ilmercoledi.news\/ilmercoledi\/news\/wp-json\/wp\/v2\/posts"}],"about":[{"href":"https:\/\/www.ilmercoledi.news\/ilmercoledi\/news\/wp-json\/wp\/v2\/types\/post"}],"author":[{"embeddable":true,"href":"https:\/\/www.ilmercoledi.news\/ilmercoledi\/news\/wp-json\/wp\/v2\/users\/11"}],"replies":[{"embeddable":true,"href":"https:\/\/www.ilmercoledi.news\/ilmercoledi\/news\/wp-json\/wp\/v2\/comments?post=2937"}],"version-history":[{"count":1,"href":"https:\/\/www.ilmercoledi.news\/ilmercoledi\/news\/wp-json\/wp\/v2\/posts\/2937\/revisions"}],"predecessor-version":[{"id":2938,"href":"https:\/\/www.ilmercoledi.news\/ilmercoledi\/news\/wp-json\/wp\/v2\/posts\/2937\/revisions\/2938"}],"wp:featuredmedia":[{"embeddable":true,"href":"https:\/\/www.ilmercoledi.news\/ilmercoledi\/news\/wp-json\/wp\/v2\/media\/820"}],"wp:attachment":[{"href":"https:\/\/www.ilmercoledi.news\/ilmercoledi\/news\/wp-json\/wp\/v2\/media?parent=2937"}],"wp:term":[{"taxonomy":"category","embeddable":true,"href":"https:\/\/www.ilmercoledi.news\/ilmercoledi\/news\/wp-json\/wp\/v2\/categories?post=2937"},{"taxonomy":"post_tag","embeddable":true,"href":"https:\/\/www.ilmercoledi.news\/ilmercoledi\/news\/wp-json\/wp\/v2\/tags?post=2937"},{"taxonomy":"news-destination","embeddable":true,"href":"https:\/\/www.ilmercoledi.news\/ilmercoledi\/news\/wp-json\/wp\/v2\/news-destination?post=2937"},{"taxonomy":"news-source","embeddable":true,"href":"https:\/\/www.ilmercoledi.news\/ilmercoledi\/news\/wp-json\/wp\/v2\/news-source?post=2937"},{"taxonomy":"is_homepage","embeddable":true,"href":"https:\/\/www.ilmercoledi.news\/ilmercoledi\/news\/wp-json\/wp\/v2\/is_homepage?post=2937"},{"taxonomy":"ta_other","embeddable":true,"href":"https:\/\/www.ilmercoledi.news\/ilmercoledi\/news\/wp-json\/wp\/v2\/ta_other?post=2937"}],"curies":[{"name":"wp","href":"https:\/\/api.w.org\/{rel}","templated":true}]}}