{"id":29388,"date":"2020-04-17T08:02:06","date_gmt":"2020-04-17T06:02:06","guid":{"rendered":"https:\/\/euwps02.newsmemory.com\/ilmercoledi\/news\/?p=29388"},"modified":"2020-04-20T07:59:11","modified_gmt":"2020-04-20T05:59:11","slug":"virus-sarno-serve-il-commissariamento-dellunita-di-crisi-regionale","status":"publish","type":"post","link":"https:\/\/www.ilmercoledi.news\/2020\/04\/17\/virus-sarno-serve-il-commissariamento-dellunita-di-crisi-regionale\/","title":{"rendered":"VIRUS &#8211; Sarno: &#8220;Serve il commissariamento dell&#8217;unit\u00e0 di crisi regionale&#8221;"},"content":{"rendered":"<p>Nel gruppo regionale del Pd si apre la fronda di chi chiede il commissariamento dell&#8217;unit\u00e0 di crisi regionale, sulla gestione pandemia. A guidarla il consigliere Diego Sarno. Assieme ai colleghi Daniele Valle e Domenico Rossi, durante una riunione regionale del partito, hanno posto l&#8217;attenzione sulla possibilit\u00e0 di passare all&#8217;attacco politico nei confronti dell&#8217;amministrazione Cirio, in merito alla gestione della situazione sanitaria in atto: &#8220;In Piemonte &#8211; spiegano -, la gestione politica dell\u2019unit\u00e0 di crisi ha avuto dei grossi problemi. Non \u00e8 possibile che solo oggi, a distanza di circa 50 giorni, i tamponi siano in aumento, non \u00e8 possibile che alcune RSA del Piemonte ad oggi non hanno ancora ricevuto i tamponi. C\u2019\u00e8 stata sottovalutazione del problema e ritardi e la catena di comando dell\u2019unit\u00e0 di crisi&#8221;. Da qui le proposte pi\u00f9 &#8220;aggressive&#8221;: &#8220;Per evidenziare e trasferire le istanze degli operatori sanitari nei luoghi istituzionali, chiediamo il commissariamento della gestione dell\u2019emergenza e l\u2019istituzione della commissione d\u2019inchiesta da sviluppare nelle prossime settimane proprio per capire dove si \u00e8 sbagliato&#8221;. I consiglieri rimarcano comunque &#8220;La piena disponibilit\u00e0 al confronto e alla collaborazione con la maggioranza, che per\u00f2 molte volte ci ha sbattuto la porta in faccia e ha smesso, come negli ultimi giorni, di convocare commissioni&#8221;.\u00a0La linea pi\u00f9 dura per\u00f2 non \u00e8 passata, la maggioranza del Pd ha infatti scelto un\u2019altra strada, pi\u00f9 soft, nella quale chiedere conto alla giunta regionale del proprio operato ma senza formalizzare atti forti.<\/p>\n","protected":false},"excerpt":{"rendered":"","protected":false},"author":11,"featured_media":29389,"comment_status":"open","ping_status":"closed","sticky":false,"template":"","format":"standard","meta":[],"categories":[34],"tags":[],"news-destination":[],"news-source":[],"is_homepage":[],"ta_other":[],"_links":{"self":[{"href":"https:\/\/www.ilmercoledi.news\/ilmercoledi\/news\/wp-json\/wp\/v2\/posts\/29388"}],"collection":[{"href":"https:\/\/www.ilmercoledi.news\/ilmercoledi\/news\/wp-json\/wp\/v2\/posts"}],"about":[{"href":"https:\/\/www.ilmercoledi.news\/ilmercoledi\/news\/wp-json\/wp\/v2\/types\/post"}],"author":[{"embeddable":true,"href":"https:\/\/www.ilmercoledi.news\/ilmercoledi\/news\/wp-json\/wp\/v2\/users\/11"}],"replies":[{"embeddable":true,"href":"https:\/\/www.ilmercoledi.news\/ilmercoledi\/news\/wp-json\/wp\/v2\/comments?post=29388"}],"version-history":[{"count":1,"href":"https:\/\/www.ilmercoledi.news\/ilmercoledi\/news\/wp-json\/wp\/v2\/posts\/29388\/revisions"}],"predecessor-version":[{"id":29390,"href":"https:\/\/www.ilmercoledi.news\/ilmercoledi\/news\/wp-json\/wp\/v2\/posts\/29388\/revisions\/29390"}],"wp:featuredmedia":[{"embeddable":true,"href":"https:\/\/www.ilmercoledi.news\/ilmercoledi\/news\/wp-json\/wp\/v2\/media\/29389"}],"wp:attachment":[{"href":"https:\/\/www.ilmercoledi.news\/ilmercoledi\/news\/wp-json\/wp\/v2\/media?parent=29388"}],"wp:term":[{"taxonomy":"category","embeddable":true,"href":"https:\/\/www.ilmercoledi.news\/ilmercoledi\/news\/wp-json\/wp\/v2\/categories?post=29388"},{"taxonomy":"post_tag","embeddable":true,"href":"https:\/\/www.ilmercoledi.news\/ilmercoledi\/news\/wp-json\/wp\/v2\/tags?post=29388"},{"taxonomy":"news-destination","embeddable":true,"href":"https:\/\/www.ilmercoledi.news\/ilmercoledi\/news\/wp-json\/wp\/v2\/news-destination?post=29388"},{"taxonomy":"news-source","embeddable":true,"href":"https:\/\/www.ilmercoledi.news\/ilmercoledi\/news\/wp-json\/wp\/v2\/news-source?post=29388"},{"taxonomy":"is_homepage","embeddable":true,"href":"https:\/\/www.ilmercoledi.news\/ilmercoledi\/news\/wp-json\/wp\/v2\/is_homepage?post=29388"},{"taxonomy":"ta_other","embeddable":true,"href":"https:\/\/www.ilmercoledi.news\/ilmercoledi\/news\/wp-json\/wp\/v2\/ta_other?post=29388"}],"curies":[{"name":"wp","href":"https:\/\/api.w.org\/{rel}","templated":true}]}}