{"id":29494,"date":"2020-04-22T07:35:18","date_gmt":"2020-04-22T05:35:18","guid":{"rendered":"https:\/\/euwps02.newsmemory.com\/ilmercoledi\/news\/?p=29494"},"modified":"2020-04-22T07:35:23","modified_gmt":"2020-04-22T05:35:23","slug":"virus-quasi-tremila-i-guariti-in-piemonte","status":"publish","type":"post","link":"https:\/\/www.ilmercoledi.news\/2020\/04\/22\/virus-quasi-tremila-i-guariti-in-piemonte\/","title":{"rendered":"VIRUS &#8211; Quasi tremila i guariti in Piemonte"},"content":{"rendered":"<p>L\u2019Unit\u00e0 di Crisi della Regione Piemonte ha comunicato ieri, 21 aprile, che i pazienti virologicamente guariti, cio\u00e8 risultati negativi ai due test di verifica al termine della malattia, sono 2.976 (208 in pi\u00f9 di ieri): 269 (+7) in provincia di Alessandria, 111 (+12) in provincia di Asti, 149 (+35) in provincia di Biella, 307 (+21) in provincia di Cuneo, 241 (+11) in provincia di Novara, 1.530 (+113) in provincia di Torino, 158 (+5) in provincia di Vercelli, 170 (+4) nel Verbano-Cusio-Ossola, 41 provenienti da altre regioni. Altri 1.747 sono \u201cin via di guarigione\u201d, ossia negativi al primo tampone di verifica dopo la malattia e in attesa dell\u2019esito del secondo.<\/p>\n","protected":false},"excerpt":{"rendered":"","protected":false},"author":11,"featured_media":1009,"comment_status":"open","ping_status":"closed","sticky":false,"template":"","format":"standard","meta":[],"categories":[34],"tags":[],"news-destination":[],"news-source":[],"is_homepage":[],"ta_other":[],"_links":{"self":[{"href":"https:\/\/www.ilmercoledi.news\/ilmercoledi\/news\/wp-json\/wp\/v2\/posts\/29494"}],"collection":[{"href":"https:\/\/www.ilmercoledi.news\/ilmercoledi\/news\/wp-json\/wp\/v2\/posts"}],"about":[{"href":"https:\/\/www.ilmercoledi.news\/ilmercoledi\/news\/wp-json\/wp\/v2\/types\/post"}],"author":[{"embeddable":true,"href":"https:\/\/www.ilmercoledi.news\/ilmercoledi\/news\/wp-json\/wp\/v2\/users\/11"}],"replies":[{"embeddable":true,"href":"https:\/\/www.ilmercoledi.news\/ilmercoledi\/news\/wp-json\/wp\/v2\/comments?post=29494"}],"version-history":[{"count":1,"href":"https:\/\/www.ilmercoledi.news\/ilmercoledi\/news\/wp-json\/wp\/v2\/posts\/29494\/revisions"}],"predecessor-version":[{"id":29495,"href":"https:\/\/www.ilmercoledi.news\/ilmercoledi\/news\/wp-json\/wp\/v2\/posts\/29494\/revisions\/29495"}],"wp:featuredmedia":[{"embeddable":true,"href":"https:\/\/www.ilmercoledi.news\/ilmercoledi\/news\/wp-json\/wp\/v2\/media\/1009"}],"wp:attachment":[{"href":"https:\/\/www.ilmercoledi.news\/ilmercoledi\/news\/wp-json\/wp\/v2\/media?parent=29494"}],"wp:term":[{"taxonomy":"category","embeddable":true,"href":"https:\/\/www.ilmercoledi.news\/ilmercoledi\/news\/wp-json\/wp\/v2\/categories?post=29494"},{"taxonomy":"post_tag","embeddable":true,"href":"https:\/\/www.ilmercoledi.news\/ilmercoledi\/news\/wp-json\/wp\/v2\/tags?post=29494"},{"taxonomy":"news-destination","embeddable":true,"href":"https:\/\/www.ilmercoledi.news\/ilmercoledi\/news\/wp-json\/wp\/v2\/news-destination?post=29494"},{"taxonomy":"news-source","embeddable":true,"href":"https:\/\/www.ilmercoledi.news\/ilmercoledi\/news\/wp-json\/wp\/v2\/news-source?post=29494"},{"taxonomy":"is_homepage","embeddable":true,"href":"https:\/\/www.ilmercoledi.news\/ilmercoledi\/news\/wp-json\/wp\/v2\/is_homepage?post=29494"},{"taxonomy":"ta_other","embeddable":true,"href":"https:\/\/www.ilmercoledi.news\/ilmercoledi\/news\/wp-json\/wp\/v2\/ta_other?post=29494"}],"curies":[{"name":"wp","href":"https:\/\/api.w.org\/{rel}","templated":true}]}}